{"id":26952,"date":"2018-07-13T09:41:23","date_gmt":"2018-07-13T14:41:23","guid":{"rendered":"http:\/\/www.revistazetta.com\/?p=26952"},"modified":"2018-07-13T09:41:23","modified_gmt":"2018-07-13T14:41:23","slug":"voy-gozar-tema-oficial-las-fiestas-independencia","status":"publish","type":"post","link":"https:\/\/revistazetta.com\/?p=26952","title":{"rendered":"\u00abVoy a gozar\u00bb, el tema oficial de las Fiestas de Independencia"},"content":{"rendered":"<p>Este es el tema oficial de las Fiestas de Independencia: se titula \u201cVoy a gozar\u201d, letra y m\u00fasica del maestro Jorge Otero, director de la banda Armon\u00edas de Bol\u00edvar. Concurs\u00f3 y gan\u00f3 la convocatoria del IPCC 2018.<\/p>\n<p><a href=\"https:\/\/soundcloud.com\/revistazetta-com\/voy-a-gozar-armonias-de-bolivar\" target=\"_blank\" rel=\"noopener\">https:\/\/soundcloud.com\/revistazetta-com\/voy-a-gozar-armonias-de-bolivar<\/a><\/p>\n<p>&nbsp;<\/p>\n<p><iframe loading=\"lazy\" title=\"Ram\u00f3n Ben\u00edtez con la banda Armon\u00edas de Bol\u00edvar\" width=\"500\" height=\"281\" src=\"https:\/\/www.youtube.com\/embed\/Nh-EMfg3ESg?feature=oembed\" frameborder=\"0\" allow=\"accelerometer; autoplay; clipboard-write; encrypted-media; gyroscope; picture-in-picture; web-share\" referrerpolicy=\"strict-origin-when-cross-origin\" allowfullscreen><\/iframe><\/p>\n","protected":false},"excerpt":{"rendered":"<p>Este es el tema oficial de las Fiestas de Independencia: se titula \u201cVoy a gozar\u201d, letra y m\u00fasica del maestro Jorge Otero, director de la banda Armon\u00edas de Bol\u00edvar. Concurs\u00f3 y gan\u00f3 la convocatoria del IPCC 2018. https:\/\/soundcloud.com\/revistazetta-com\/voy-a-gozar-armonias-de-bolivar &nbsp;<\/p>\n","protected":false},"author":3,"featured_media":26953,"comment_status":"open","ping_status":"closed","sticky":false,"template":"","format":"standard","meta":{"footnotes":"","_links_to":"","_links_to_target":""},"categories":[75],"tags":[],"class_list":["post-26952","post","type-post","status-publish","format-standard","has-post-thumbnail","hentry","category-destacada"],"_links":{"self":[{"href":"https:\/\/revistazetta.com\/index.php?rest_route=\/wp\/v2\/posts\/26952","targetHints":{"allow":["GET"]}}],"collection":[{"href":"https:\/\/revistazetta.com\/index.php?rest_route=\/wp\/v2\/posts"}],"about":[{"href":"https:\/\/revistazetta.com\/index.php?rest_route=\/wp\/v2\/types\/post"}],"author":[{"embeddable":true,"href":"https:\/\/revistazetta.com\/index.php?rest_route=\/wp\/v2\/users\/3"}],"replies":[{"embeddable":true,"href":"https:\/\/revistazetta.com\/index.php?rest_route=%2Fwp%2Fv2%2Fcomments&post=26952"}],"version-history":[{"count":0,"href":"https:\/\/revistazetta.com\/index.php?rest_route=\/wp\/v2\/posts\/26952\/revisions"}],"wp:featuredmedia":[{"embeddable":true,"href":"https:\/\/revistazetta.com\/index.php?rest_route=\/wp\/v2\/media\/26953"}],"wp:attachment":[{"href":"https:\/\/revistazetta.com\/index.php?rest_route=%2Fwp%2Fv2%2Fmedia&parent=26952"}],"wp:term":[{"taxonomy":"category","embeddable":true,"href":"https:\/\/revistazetta.com\/index.php?rest_route=%2Fwp%2Fv2%2Fcategories&post=26952"},{"taxonomy":"post_tag","embeddable":true,"href":"https:\/\/revistazetta.com\/index.php?rest_route=%2Fwp%2Fv2%2Ftags&post=26952"}],"curies":[{"name":"wp","href":"https:\/\/api.w.org\/{rel}","templated":true}]}}