{"id":26954,"date":"2018-07-15T08:27:44","date_gmt":"2018-07-15T13:27:44","guid":{"rendered":"http:\/\/www.revistazetta.com\/?p=26954"},"modified":"2018-07-15T08:27:44","modified_gmt":"2018-07-15T13:27:44","slug":"sabrosura-canto-colectivo-dice-boris-garcia-la-entrevizta-la-zemana","status":"publish","type":"post","link":"https:\/\/revistazetta.com\/?p=26954","title":{"rendered":"\u00abSabrosura es un canto colectivo\u00bb, dice Boris Garc\u00eda en \u00abLa Entrevizta de la Zemana\u00bb"},"content":{"rendered":"<p>El m\u00e1s importante acontecimiento cultural en Cartagena en los \u00faltimos a\u00f1os es \u00abSabrosura &#8211; Esencia musical cartagenera\u00bb, que abre su primera temporada regular de presentaciones los d\u00eda 17 y 18 de julio en el teatro Adolfo Mej\u00eda, bajo la creaci\u00f3n y direcci\u00f3n de Boris Garc\u00eda, quien dialog\u00f3 as\u00ed con John Zamora, director de Revista Zetta.<\/p>\n<p>&nbsp;<\/p>\n<p><iframe loading=\"lazy\" title=\"Sabrosura - Entrevista Boris Garci\u0301a\" width=\"500\" height=\"281\" src=\"https:\/\/www.youtube.com\/embed\/YkHqK2iQi6M?feature=oembed\" frameborder=\"0\" allow=\"accelerometer; autoplay; clipboard-write; encrypted-media; gyroscope; picture-in-picture; web-share\" referrerpolicy=\"strict-origin-when-cross-origin\" allowfullscreen><\/iframe><\/p>\n","protected":false},"excerpt":{"rendered":"<p>El m\u00e1s importante acontecimiento cultural en Cartagena en los \u00faltimos a\u00f1os es \u00abSabrosura &#8211; Esencia musical cartagenera\u00bb, que abre su primera temporada regular de presentaciones los d\u00eda 17 y 18 de julio en el teatro Adolfo Mej\u00eda, bajo la creaci\u00f3n y direcci\u00f3n de Boris Garc\u00eda, quien dialog\u00f3 as\u00ed con John Zamora, director de Revista Zetta. &nbsp;<\/p>\n","protected":false},"author":3,"featured_media":26955,"comment_status":"open","ping_status":"closed","sticky":false,"template":"","format":"standard","meta":{"footnotes":"","_links_to":"","_links_to_target":""},"categories":[75,30],"tags":[],"class_list":["post-26954","post","type-post","status-publish","format-standard","has-post-thumbnail","hentry","category-destacada","category-politica-entrevistas"],"_links":{"self":[{"href":"https:\/\/revistazetta.com\/index.php?rest_route=\/wp\/v2\/posts\/26954","targetHints":{"allow":["GET"]}}],"collection":[{"href":"https:\/\/revistazetta.com\/index.php?rest_route=\/wp\/v2\/posts"}],"about":[{"href":"https:\/\/revistazetta.com\/index.php?rest_route=\/wp\/v2\/types\/post"}],"author":[{"embeddable":true,"href":"https:\/\/revistazetta.com\/index.php?rest_route=\/wp\/v2\/users\/3"}],"replies":[{"embeddable":true,"href":"https:\/\/revistazetta.com\/index.php?rest_route=%2Fwp%2Fv2%2Fcomments&post=26954"}],"version-history":[{"count":0,"href":"https:\/\/revistazetta.com\/index.php?rest_route=\/wp\/v2\/posts\/26954\/revisions"}],"wp:featuredmedia":[{"embeddable":true,"href":"https:\/\/revistazetta.com\/index.php?rest_route=\/wp\/v2\/media\/26955"}],"wp:attachment":[{"href":"https:\/\/revistazetta.com\/index.php?rest_route=%2Fwp%2Fv2%2Fmedia&parent=26954"}],"wp:term":[{"taxonomy":"category","embeddable":true,"href":"https:\/\/revistazetta.com\/index.php?rest_route=%2Fwp%2Fv2%2Fcategories&post=26954"},{"taxonomy":"post_tag","embeddable":true,"href":"https:\/\/revistazetta.com\/index.php?rest_route=%2Fwp%2Fv2%2Ftags&post=26954"}],"curies":[{"name":"wp","href":"https:\/\/api.w.org\/{rel}","templated":true}]}}