{"id":26957,"date":"2018-07-16T20:40:02","date_gmt":"2018-07-17T01:40:02","guid":{"rendered":"http:\/\/www.revistazetta.com\/?p=26957"},"modified":"2018-07-16T22:34:26","modified_gmt":"2018-07-17T03:34:26","slug":"termino-la-intervencion-saneo-comfamiliar","status":"publish","type":"post","link":"https:\/\/revistazetta.com\/?p=26957","title":{"rendered":"Termin\u00f3 la intervenci\u00f3n que sane\u00f3 a Comfamiliar"},"content":{"rendered":"<p>La Superintendencia del Subsidio Familiar dio por concluida la intervenci\u00f3n administrativa de Comfamiliar Cartagena-Bol\u00edvar, con lo cual la entidad reasume su propio gobierno corporativo. Se destac\u00f3 la positiva gesti\u00f3n de la administradora Ana Patria L\u00f3pez R\u00edos, quien le explica a John Zamora, director de Revista Zetta, los detalles de la decisi\u00f3n.<\/p>\n<p><iframe loading=\"lazy\" title=\"Finaliza Intervencio\u0301n a Comfamiliar\" width=\"500\" height=\"281\" src=\"https:\/\/www.youtube.com\/embed\/5CgiyO0j5vE?feature=oembed\" frameborder=\"0\" allow=\"accelerometer; autoplay; clipboard-write; encrypted-media; gyroscope; picture-in-picture; web-share\" referrerpolicy=\"strict-origin-when-cross-origin\" allowfullscreen><\/iframe><\/p>\n<p>La Caja de Compensaci\u00f3n Familiar de Cartagena y Bol\u00edvar, Comfamiliar, recuper\u00f3 su autonom\u00eda con el levantamiento de la intervenci\u00f3n que impuso la Superintendencia del Subsidio Familiar en marzo de 2014.<\/p>\n<p>\u201cEl cumplimiento de todas las actividades con las que se comprometi\u00f3 Comfamiliar con la Supersubsidios conlleva a la finalizaci\u00f3n de la medida de intervenci\u00f3n\u201d, anunci\u00f3 Rub\u00e9n Dar\u00edo C\u00f3rdoba, agente especial de Intervenci\u00f3n de Supersubsidios.<\/p>\n<p>A ra\u00edz del levantamiento de la medida Comfamiliar vuelve a su gobierno corporativo por lo que la convocatoria de postulaci\u00f3n de trabajadores afiliados sindicalizados y no sindicalizados al Consejo Directivo ya finaliz\u00f3 y la elecci\u00f3n de los representantes de los empleadores se realizar\u00e1 este jueves de 19 de julio de 2018 en Asamblea Extraordinaria.<\/p>\n<p>Ana Patricia L\u00f3pez R\u00edos, quien estaba a cargo de la Direcci\u00f3n Administrativa de Comfamiliar desde diciembre de 2014, consider\u00f3 que la labor que le fue encomendada termin\u00f3 \u00a0y renunci\u00f3 a su cargo para que la conformaci\u00f3n del nuevo gobierno se adelante con transparencia y en las mejores condiciones posibles.<\/p>\n<p>\u201cCuando llegu\u00e9 hab\u00edan bajas coberturas, las cuentas de la caja estaban embargadas, la contabilidad estaba sin depurar, pero con el esfuerzo de todos los trabajadores logramos consolidar el plan de mejoramiento impuesto por Supersubsidios que llev\u00f3 al levantamiento de la medida y evit\u00f3 que la intervenci\u00f3n terminara en liquidaci\u00f3n como pasa en la mayor\u00eda de estos procesos\u201d, coment\u00f3 L\u00f3pez R\u00edos quien indic\u00f3 que estaba tranquila por el deber cumplido.<\/p>\n<p>Agreg\u00f3 que \u201cComfamiliar es una entidad patrimonio del departamento por la que vale la pena seguir luchando, con miras a sacar adelante los proyectos pendientes\u201d.<\/p>\n<p>La directora agradeci\u00f3 a todos los que apoyaron su gesti\u00f3n de la que rindi\u00f3 cuentas, entre ellos las centrales obreras.<\/p>\n<p><strong>Ruta definida para proyecto de escisi\u00f3n<\/strong><\/p>\n<p>Tras el levantamiento de la intervenci\u00f3n, el programa de salud de la caja que m\u00e1s present\u00f3 inconvenientes , queda con una ruta de trabajo definida en el proceso de escisi\u00f3n que ya fue autorizado por la Supersubsidios y est\u00e1 en tr\u00e1mite final en la Superintendencia de Salud.<\/p>\n<p>Comfamiliar EPS har\u00e1 parte de una nueva entidad prestadora de salud junto a otros tres programas que se unir\u00e1n en lo que ser\u00eda EPS Familiar de Colombia.<\/p>\n<p>Tambi\u00e9n se prev\u00e9 el pago de pasivos a todos los prestadores de salud gracias al proyecto de ley que permite el uso de los fondos de Fosfec para tal fin.<\/p>\n","protected":false},"excerpt":{"rendered":"<p>La Superintendencia del Subsidio Familiar dio por concluida la intervenci\u00f3n administrativa de Comfamiliar Cartagena-Bol\u00edvar, con lo cual la entidad reasume su propio gobierno corporativo. Se destac\u00f3 la positiva gesti\u00f3n de la administradora Ana Patria L\u00f3pez R\u00edos, quien le explica a John Zamora, director de Revista Zetta, los detalles de la decisi\u00f3n. La Caja de Compensaci\u00f3n Familiar de Cartagena y Bol\u00edvar, Comfamiliar, recuper\u00f3 su autonom\u00eda con el levantamiento de la intervenci\u00f3n que impuso la Superintendencia del Subsidio Familiar en marzo de 2014. \u201cEl cumplimiento de todas las actividades con las que&#8230; <\/p>\n","protected":false},"author":3,"featured_media":26958,"comment_status":"open","ping_status":"closed","sticky":false,"template":"","format":"standard","meta":{"footnotes":"","_links_to":"","_links_to_target":""},"categories":[3,75,50],"tags":[],"class_list":["post-26957","post","type-post","status-publish","format-standard","has-post-thumbnail","hentry","category-ciudad","category-destacada","category-empresa"],"_links":{"self":[{"href":"https:\/\/revistazetta.com\/index.php?rest_route=\/wp\/v2\/posts\/26957","targetHints":{"allow":["GET"]}}],"collection":[{"href":"https:\/\/revistazetta.com\/index.php?rest_route=\/wp\/v2\/posts"}],"about":[{"href":"https:\/\/revistazetta.com\/index.php?rest_route=\/wp\/v2\/types\/post"}],"author":[{"embeddable":true,"href":"https:\/\/revistazetta.com\/index.php?rest_route=\/wp\/v2\/users\/3"}],"replies":[{"embeddable":true,"href":"https:\/\/revistazetta.com\/index.php?rest_route=%2Fwp%2Fv2%2Fcomments&post=26957"}],"version-history":[{"count":0,"href":"https:\/\/revistazetta.com\/index.php?rest_route=\/wp\/v2\/posts\/26957\/revisions"}],"wp:featuredmedia":[{"embeddable":true,"href":"https:\/\/revistazetta.com\/index.php?rest_route=\/wp\/v2\/media\/26958"}],"wp:attachment":[{"href":"https:\/\/revistazetta.com\/index.php?rest_route=%2Fwp%2Fv2%2Fmedia&parent=26957"}],"wp:term":[{"taxonomy":"category","embeddable":true,"href":"https:\/\/revistazetta.com\/index.php?rest_route=%2Fwp%2Fv2%2Fcategories&post=26957"},{"taxonomy":"post_tag","embeddable":true,"href":"https:\/\/revistazetta.com\/index.php?rest_route=%2Fwp%2Fv2%2Ftags&post=26957"}],"curies":[{"name":"wp","href":"https:\/\/api.w.org\/{rel}","templated":true}]}}