{"id":26960,"date":"2018-07-17T05:44:58","date_gmt":"2018-07-17T10:44:58","guid":{"rendered":"http:\/\/www.revistazetta.com\/?p=26960"},"modified":"2018-07-17T05:44:58","modified_gmt":"2018-07-17T10:44:58","slug":"broken-windows-opinion-cesar-pion-gonzalez","status":"publish","type":"post","link":"https:\/\/revistazetta.com\/?p=26960","title":{"rendered":"\u201cBroken windows\u201d &#8211; Opini\u00f3n de C\u00e9sar Pi\u00f3n Gonz\u00e1lez"},"content":{"rendered":"<p><span style=\"color: #000080;\"><strong>Por C\u00e9sar Pi\u00f3n Gonz\u00e1lez (Especial para Revista Zetta).-<\/strong><\/span> El crecimiento de la insatisfacci\u00f3n social de nuestra ciudad, ratifica que las pol\u00edticas p\u00fablicas aplicadas no arrojan resultados que satisfagan al ciudadano, situaci\u00f3n que podemos atribuir a una mala aplicaci\u00f3n, mal dise\u00f1o, implementaci\u00f3n parcial o simplemente no desarrollar lo que hemos anunciado.<\/p>\n<p>Estas razones me obligan a insistir en la importancia de poseer o convenir con las universidades e instituciones afines, un monitoreo y medici\u00f3n constante para lo que se decida, se apruebe o manifieste como soluci\u00f3n a una problem\u00e1tica, se desarrolle con el mejor resultado posible.<\/p>\n<p>En d\u00edas pasados la exposici\u00f3n en el auditorio del Concejo de parte de algunos funcionarios y representantes de las juntas comunales de los barrios Manga y Pie de la Popa sobre la movilidad, el control urbano, las construcciones y el medio ambiente, reafirmaron con sus planteamientos que los planes de desarrollo y pol\u00edticas p\u00fablicas en su mayor\u00eda, contin\u00faan simplemente en expectativas con una alta dosis del para qu\u00e9, pero, carentes de elementos que permitan cuantificar y medir el c\u00f3mo y con qu\u00e9 se materializar\u00e1 lo propuesto.<\/p>\n<p>El deseo y el intento de muchos funcionarios seguir\u00e1n naufragando hasta tanto el Distrito no reorganice su estructura administrativa, estabilice en vinculaci\u00f3n formal funciones indispensables de algunas OPS, y se socialicen los procesos sin la ma\u00f1a en la que solo est\u00e1n presentes los interesados, que son los que sustentan y aplauden bajo la afirmaci\u00f3n del beneficio.<\/p>\n<p>Mientras la ciudad se \u2018pandemiza\u2019 por el contagio de las conductas inmorales o inc\u00edvicas, el incumplimiento de las normas, la no sanci\u00f3n o correcci\u00f3n de ellas continuar\u00e1 siendo el hilo conductor con un mensaje claro de arrojar basura a las calles, ocupar los espacios p\u00fablicos de los frentes de las casas y locales comerciales, recoger y bajar pasajeros donde nos d\u00e9 la gana, volarnos las filas para ingresar a espect\u00e1culos\u00a0 p\u00fablicos e irrespetar la secuencia vehicular en los trancones, entre otros. Pero, si nos detenemos a analizar el momento en que nuestra\u00a0 obediencia pasa a la desobediencia, cuando sobrepasamos las normas que mantienen el orden en nuestra ciudad, podremos confirmar la secuencia y la rapidez sorprendente con que deterioramos el orden, pues la conducta incivilizada contagia en secuencias.<\/p>\n<p>Por tal raz\u00f3n, invito al alcalde que finalice este cuatrienio a iniciar acciones de reestructuraci\u00f3n, expropiaci\u00f3n de bald\u00edos p\u00fablicos ocupados ilegalmente, y de aquellos que estrechan continuamente los andenes para ampliar sus jardines, o montar cualquier clase de negocio, obligando al peat\u00f3n a desplazarse sobre las \u00e1reas de tr\u00e1fico vehicular e induciendo al contagio de la teor\u00eda la \u201cVentana rota\u201d, o como dijeran nuestros abuelos, \u201ca la tierra que fueres, haz lo que vieres\u201d.<\/p>\n<p>\u201cEl crecimiento de la insatisfacci\u00f3n social de nuestra ciudad, ratifica que las pol\u00edticas p\u00fablicas aplicadas no arrojan resultados que satisfagan al ciudadano (&#8230;)\u201d<\/p>\n","protected":false},"excerpt":{"rendered":"<p>Por C\u00e9sar Pi\u00f3n Gonz\u00e1lez (Especial para Revista Zetta).- El crecimiento de la insatisfacci\u00f3n social de nuestra ciudad, ratifica que las pol\u00edticas p\u00fablicas aplicadas no arrojan resultados que satisfagan al ciudadano, situaci\u00f3n que podemos atribuir a una mala aplicaci\u00f3n, mal dise\u00f1o, implementaci\u00f3n parcial o simplemente no desarrollar lo que hemos anunciado. Estas razones me obligan a insistir en la importancia de poseer o convenir con las universidades e instituciones afines, un monitoreo y medici\u00f3n constante para lo que se decida, se apruebe o manifieste como soluci\u00f3n a una problem\u00e1tica, se desarrolle&#8230; <\/p>\n","protected":false},"author":3,"featured_media":26961,"comment_status":"open","ping_status":"closed","sticky":false,"template":"","format":"standard","meta":{"footnotes":"","_links_to":"","_links_to_target":""},"categories":[75,44,65],"tags":[],"class_list":["post-26960","post","type-post","status-publish","format-standard","has-post-thumbnail","hentry","category-destacada","category-materiagris","category-opinion"],"_links":{"self":[{"href":"https:\/\/revistazetta.com\/index.php?rest_route=\/wp\/v2\/posts\/26960","targetHints":{"allow":["GET"]}}],"collection":[{"href":"https:\/\/revistazetta.com\/index.php?rest_route=\/wp\/v2\/posts"}],"about":[{"href":"https:\/\/revistazetta.com\/index.php?rest_route=\/wp\/v2\/types\/post"}],"author":[{"embeddable":true,"href":"https:\/\/revistazetta.com\/index.php?rest_route=\/wp\/v2\/users\/3"}],"replies":[{"embeddable":true,"href":"https:\/\/revistazetta.com\/index.php?rest_route=%2Fwp%2Fv2%2Fcomments&post=26960"}],"version-history":[{"count":0,"href":"https:\/\/revistazetta.com\/index.php?rest_route=\/wp\/v2\/posts\/26960\/revisions"}],"wp:featuredmedia":[{"embeddable":true,"href":"https:\/\/revistazetta.com\/index.php?rest_route=\/wp\/v2\/media\/26961"}],"wp:attachment":[{"href":"https:\/\/revistazetta.com\/index.php?rest_route=%2Fwp%2Fv2%2Fmedia&parent=26960"}],"wp:term":[{"taxonomy":"category","embeddable":true,"href":"https:\/\/revistazetta.com\/index.php?rest_route=%2Fwp%2Fv2%2Fcategories&post=26960"},{"taxonomy":"post_tag","embeddable":true,"href":"https:\/\/revistazetta.com\/index.php?rest_route=%2Fwp%2Fv2%2Ftags&post=26960"}],"curies":[{"name":"wp","href":"https:\/\/api.w.org\/{rel}","templated":true}]}}