{"id":26962,"date":"2018-07-17T06:31:58","date_gmt":"2018-07-17T11:31:58","guid":{"rendered":"http:\/\/www.revistazetta.com\/?p=26962"},"modified":"2018-07-17T06:31:58","modified_gmt":"2018-07-17T11:31:58","slug":"nuevo-tacamocho-estara-lote-29-hectareas","status":"publish","type":"post","link":"https:\/\/revistazetta.com\/?p=26962","title":{"rendered":"El nuevo Tacamocho estar\u00e1 en un lote de 29 hect\u00e1reas"},"content":{"rendered":"<p>En una mesa de trabajo liderada por el Gobernador Dumek Turbay y en la que participaron el Ministro de Vivienda Camilo S\u00e1nchez, el Director del Fondo Adaptaci\u00f3n Iv\u00e1n Mustaf\u00e1, la alcaldesa de C\u00f3rdoba Tet\u00f3n Karina Becerra, miembros del gabinete Departamental y voceros de la comunidad de Tacamocho, fue socializada la situaci\u00f3n actual por la que atraviesa el corregimiento de Tacamocho y las acciones a tomar para ayudar a esta poblaci\u00f3n.<\/p>\n<p>El gobierno del Bol\u00edvar s\u00ed Avanza, con base en varios estudios realizados, propone un proyecto de reubicaci\u00f3n en un lote de 29 hect\u00e1reas en Tacamocho, para 750 viviendas, una escuela, CDI, centro de salud, acueducto, alcantarillado y todas las condiciones necesarias para que la comunidad viva dignamente y deje atr\u00e1s el sufrimiento que por 6 a\u00f1os han venido padeciendo por los da\u00f1os ocasionados por el r\u00edo Magdalena.<\/p>\n<p>Por su parte el Ministro de Vivienda Camilo S\u00e1nchez indic\u00f3 que \u201ces muy importante que el pr\u00f3ximo gobierno conozca esta problem\u00e1tica. Sin embargo lo primero que debemos tener claro es el Plan de Ordenamiento Territorial, y la gobernaci\u00f3n y la alcald\u00eda deben presentar tambi\u00e9n el proyecto de alcantarillado, esos dos temas son necesarios para poder definir el proyecto. Por lo pronto, desde el ministerio empezaremos a hacer el tr\u00e1mite de viabilizaci\u00f3n y realizaremos el acompa\u00f1amiento necesario para que definan el POT que es imprescindible para avanzar\u201d.<\/p>\n<p>Ante el tema del Plan de Ordenamiento Territorial la alcaldesa de C\u00f3rdoba Tet\u00f3n destac\u00f3 que se encuentran en la 1ra fase de actualizaci\u00f3n y har\u00e1n todo lo necesario por tenerlo listo lo antes posible y trabajar con bases s\u00f3lidas que garanticen una mejor calidad de vida a los habitantes de este corregimiento.<\/p>\n<p>Los representantes de esta comunidad tambi\u00e9n estuvieron presentes y manifestaron que \u201cest\u00e1bamos en un momento de p\u00e1nico, nos hab\u00edamos sentido solos, pero con la visita del gobernador y la alcaldesa sentimos un respaldo, una voz de aliento. Nuestra esperanza es que le demos una soluci\u00f3n a este problema. Es triste ver c\u00f3mo poco a poco se ha ido perdiendo el legado dejado por nuestros padres, sin embargo hoy nos vamos contentos porque vemos el compromiso, vemos que somos una prioridad\u201d dijo Manuel Gamarra habitante de Tacamocho.<\/p>\n<p>Entidades como el Fondo Adaptaci\u00f3n tambi\u00e9n manifestaron su compromiso con Tacamocho y el total respaldo al trabajo que est\u00e1 realizando la Gobernaci\u00f3n de Bol\u00edvar \u201cme comprometo a que en el empalme, Tacamocho sea una prioridad para que sea contemplado dentro del presupuesto del nuevo gobierno y tambi\u00e9n les dar\u00e9 el acompa\u00f1amiento de mi equipo para cumplir con los pasos de reasentamiento que se deben hacer minuciosamente para poder llevar a cabo este proyecto\u201d mencion\u00f3 Iv\u00e1n Mustaf\u00e1, director del Fondo.<\/p>\n<p>Vale la pena resaltar que este proceso de reubicaci\u00f3n toma su tiempo y la ruta ya est\u00e1 trazada, por lo que el mandatario bolivarense Dumek Turbay resalt\u00f3 que \u201cel equipo del Bol\u00edvar s\u00ed Avanza est\u00e1 trabajando en conjunto para generar las soluciones pertinentes. Sin embargo nuestra prioridad en este momento es la construcci\u00f3n de 750 viviendas por lo cual le solicito al Gobierno Nacional que durante el empalme con el nuevo gobierno, Tacamocho sea una prioridad y juntos construyamos una soluci\u00f3n de vida para esta comunidad\u201d.<\/p>\n<p>&nbsp;<\/p>\n","protected":false},"excerpt":{"rendered":"<p>En una mesa de trabajo liderada por el Gobernador Dumek Turbay y en la que participaron el Ministro de Vivienda Camilo S\u00e1nchez, el Director del Fondo Adaptaci\u00f3n Iv\u00e1n Mustaf\u00e1, la alcaldesa de C\u00f3rdoba Tet\u00f3n Karina Becerra, miembros del gabinete Departamental y voceros de la comunidad de Tacamocho, fue socializada la situaci\u00f3n actual por la que atraviesa el corregimiento de Tacamocho y las acciones a tomar para ayudar a esta poblaci\u00f3n. El gobierno del Bol\u00edvar s\u00ed Avanza, con base en varios estudios realizados, propone un proyecto de reubicaci\u00f3n en un lote&#8230; <\/p>\n","protected":false},"author":3,"featured_media":26963,"comment_status":"open","ping_status":"closed","sticky":false,"template":"","format":"standard","meta":{"footnotes":"","_links_to":"","_links_to_target":""},"categories":[75,33,80],"tags":[],"class_list":["post-26962","post","type-post","status-publish","format-standard","has-post-thumbnail","hentry","category-destacada","category-actualidad-bolivar","category-region"],"_links":{"self":[{"href":"https:\/\/revistazetta.com\/index.php?rest_route=\/wp\/v2\/posts\/26962","targetHints":{"allow":["GET"]}}],"collection":[{"href":"https:\/\/revistazetta.com\/index.php?rest_route=\/wp\/v2\/posts"}],"about":[{"href":"https:\/\/revistazetta.com\/index.php?rest_route=\/wp\/v2\/types\/post"}],"author":[{"embeddable":true,"href":"https:\/\/revistazetta.com\/index.php?rest_route=\/wp\/v2\/users\/3"}],"replies":[{"embeddable":true,"href":"https:\/\/revistazetta.com\/index.php?rest_route=%2Fwp%2Fv2%2Fcomments&post=26962"}],"version-history":[{"count":0,"href":"https:\/\/revistazetta.com\/index.php?rest_route=\/wp\/v2\/posts\/26962\/revisions"}],"wp:featuredmedia":[{"embeddable":true,"href":"https:\/\/revistazetta.com\/index.php?rest_route=\/wp\/v2\/media\/26963"}],"wp:attachment":[{"href":"https:\/\/revistazetta.com\/index.php?rest_route=%2Fwp%2Fv2%2Fmedia&parent=26962"}],"wp:term":[{"taxonomy":"category","embeddable":true,"href":"https:\/\/revistazetta.com\/index.php?rest_route=%2Fwp%2Fv2%2Fcategories&post=26962"},{"taxonomy":"post_tag","embeddable":true,"href":"https:\/\/revistazetta.com\/index.php?rest_route=%2Fwp%2Fv2%2Ftags&post=26962"}],"curies":[{"name":"wp","href":"https:\/\/api.w.org\/{rel}","templated":true}]}}