{"id":27118,"date":"2018-08-01T02:03:01","date_gmt":"2018-08-01T07:03:01","guid":{"rendered":"http:\/\/www.revistazetta.com\/?p=27118"},"modified":"2018-08-01T02:03:01","modified_gmt":"2018-08-01T07:03:01","slug":"asi-quedaron-ubicados-los-congresistas-bolivar-las-comisiones","status":"publish","type":"post","link":"https:\/\/revistazetta.com\/?p=27118","title":{"rendered":"As\u00ed quedaron ubicados los congresistas de Bol\u00edvar en las Comisiones"},"content":{"rendered":"<p>Tanto en Senado como C\u00e1mara de Representantes se conformaron las Comisiones Constitucionales, y as\u00ed quedaron ubicados los congresistas de Bol\u00edvar:<\/p>\n<p>Senado:<\/p>\n<p>Comisi\u00f3n 2\u00aa: Lidio Garc\u00eda (Partido Liberal)<\/p>\n<p>Comisi\u00f3n 3\u00aa: Fernando Ara\u00fajo R. (Centro Democr\u00e1tico)<\/p>\n<p>Comisi\u00f3n 3\u00aa: Andr\u00e9s Garc\u00eda Zuccardi (Partido de la U.)<\/p>\n<p>Comisi\u00f3n 5\u00aa: Daira Galvis (Cambio Radical)<\/p>\n<p>Comisi\u00f3n 7\u00aa: Nadia Blel (Partido Conservador)<\/p>\n<p>&nbsp;<\/p>\n<p>C\u00e1mara<\/p>\n<p>Comisi\u00f3n 3\u00aa: Silvio Carrasquilla (Partido Liberal)<\/p>\n<p>Comisi\u00f3n 3\u00aa: Yamil Arana (Partido Conservador)<\/p>\n<p>Comisi\u00f3n 3\u00aa: Hernando Padau\u00ed (Cambio Radical)<\/p>\n<p>Comisi\u00f3n 5\u00aa: Karen Cure (Cambio Radical)<\/p>\n<p>Comisi\u00f3n 5\u00aa: Alonso del R\u00edo (Partido de la U)<\/p>\n<p>Comisi\u00f3n 6\u00aa: Emeterio Montes (Partido Conservador)<\/p>\n<p>&nbsp;<\/p>\n<p>Los temas correspondientes y el n\u00famero de miembros en cada una de las Comisiones Constitucionales Permanentes son los siguientes:<\/p>\n<p><strong>Comisi\u00f3n Primera<\/strong><\/p>\n<p>Conoce de: Actos Legislativos reformatorios de la Constituci\u00f3n; leyes estatutarias; organizaci\u00f3n territorial; reglamentos de los organismos de control; normas generales sobre contrataci\u00f3n administrativa; notariado y registro; estructura y organizaci\u00f3n de la administraci\u00f3n nacional central; de los derechos, las garant\u00edas y los deberes; rama legislativa; estrategias y pol\u00edticas para la paz; propiedad intelectual; variaci\u00f3n de la residencia de los altos poderes nacionales; asuntos \u00e9tnicos. (Art\u00edculo 3 de la Ley 3 de 1992).<\/p>\n<p><strong>Comisi\u00f3n Segunda<\/strong><\/p>\n<p>Conoce de: Pol\u00edtica internacional; defensa nacional y fuerza p\u00fablica; tratados p\u00fablicos; carrera diplom\u00e1tica y consular; comercio exterior e integraci\u00f3n econ\u00f3mica; pol\u00edtica portuaria; relaciones parlamentarias, internacionales y supranacionales, asuntos diplom\u00e1ticos no reservados constitucionalmente al Gobierno; fronteras; nacionalidad; extranjeros; migraci\u00f3n; honores y monumentos p\u00fablicos; servicio militar; zonas francas y de libre comercio; contrataci\u00f3n internacional. (Art\u00edculo 3 de la Ley 3 de 1992).<\/p>\n<p><strong>Comisi\u00f3n Tercera<\/strong><\/p>\n<p>Conoce de: Hacienda y Cr\u00e9dito P\u00fablico; impuesto y contribuciones; exenciones tributarias; r\u00e9gimen monetario; leyes sobre el Banco de la Rep\u00fablica; sistema de banca central; leyes sobre monopolios; autorizaci\u00f3n de empr\u00e9stitos; mercado de valores; regulaci\u00f3n econ\u00f3mica; Planeaci\u00f3n Nacional; r\u00e9gimen de cambios, actividad financiera, burs\u00e1til, aseguradora y de captaci\u00f3n de ahorro. (Art\u00edculo 3 de la Ley 3 de 1992).<\/p>\n<p><strong>Comisi\u00f3n Cuarta<\/strong><\/p>\n<p>Conoce de: Leyes org\u00e1nicas de presupuesto; sistema de control fiscal financiero; enajenaci\u00f3n y destinaci\u00f3n de bienes nacionales; regulaci\u00f3n del r\u00e9gimen de propiedad industrial, patentes y marcas; creaci\u00f3n, supresi\u00f3n, reforma u organizaci\u00f3n de establecimientos p\u00fablicos nacionales; control de calidad y precios y contrataci\u00f3n administrativa. (Art\u00edculo 3 de la Ley 3 de 1992).<\/p>\n<p><strong>Comisi\u00f3n Quinta<\/strong><\/p>\n<p>Conoce de: R\u00e9gimen agropecuario; ecolog\u00eda; medio ambiente y recursos naturales; adjudicaci\u00f3n y recuperaci\u00f3n de tierras; recursos ictiol\u00f3gicos y asuntos del mar; minas y energ\u00eda; corporaciones aut\u00f3nomas regionales. (Art\u00edculo 3 de la Ley 3 de 1992).<\/p>\n<p><strong>Comisi\u00f3n Sexta<\/strong><\/p>\n<p>Conoce de: Comunicaciones; tarifas; calamidades p\u00fablicas; funciones p\u00fablicas y prestaci\u00f3n de los servicios p\u00fablicos; medios de comunicaci\u00f3n; investigaci\u00f3n cient\u00edfica y tecnol\u00f3gica; espectro electromagn\u00e9tico; \u00f3rbita geoestacionaria; sistemas digitales de comunicaci\u00f3n e inform\u00e1tica; espacio a\u00e9reo; obras p\u00fablicas y transporte; turismo y desarrollo tur\u00edstico; educaci\u00f3n y cultura. (Art\u00edculo 3 de la Ley 3 de 1992).<\/p>\n<p><strong>Comisi\u00f3n S\u00e9ptima<\/strong><\/p>\n<p>Conoce de: Estatuto del servidor p\u00fablico y trabajador particular; r\u00e9gimen salarial y prestacional del servidor p\u00fablico; organizaciones sindicales; sociedades de auxilio mutuo; seguridad social; cajas de previsi\u00f3n social; fondos de prestaciones; carrera administrativa; servicio civil; recreaci\u00f3n; deportes; salud, organizaciones comunitarias; vivienda; econom\u00eda solidaria; asuntos de la mujer y de la familia. (Art\u00edculo 3 de la Ley 3 de 1992).<\/p>\n","protected":false},"excerpt":{"rendered":"<p>Tanto en Senado como C\u00e1mara de Representantes se conformaron las Comisiones Constitucionales, y as\u00ed quedaron ubicados los congresistas de Bol\u00edvar: Senado: Comisi\u00f3n 2\u00aa: Lidio Garc\u00eda (Partido Liberal) Comisi\u00f3n 3\u00aa: Fernando Ara\u00fajo R. (Centro Democr\u00e1tico) Comisi\u00f3n 3\u00aa: Andr\u00e9s Garc\u00eda Zuccardi (Partido de la U.) Comisi\u00f3n 5\u00aa: Daira Galvis (Cambio Radical) Comisi\u00f3n 7\u00aa: Nadia Blel (Partido Conservador) &nbsp; C\u00e1mara Comisi\u00f3n 3\u00aa: Silvio Carrasquilla (Partido Liberal) Comisi\u00f3n 3\u00aa: Yamil Arana (Partido Conservador) Comisi\u00f3n 3\u00aa: Hernando Padau\u00ed (Cambio Radical) Comisi\u00f3n 5\u00aa: Karen Cure (Cambio Radical) Comisi\u00f3n 5\u00aa: Alonso del R\u00edo (Partido de la U)&#8230; <\/p>\n","protected":false},"author":3,"featured_media":27119,"comment_status":"open","ping_status":"closed","sticky":false,"template":"","format":"standard","meta":{"footnotes":"","_links_to":"","_links_to_target":""},"categories":[75,29,4],"tags":[],"class_list":["post-27118","post","type-post","status-publish","format-standard","has-post-thumbnail","hentry","category-destacada","category-politica-congreso","category-politica"],"_links":{"self":[{"href":"https:\/\/revistazetta.com\/index.php?rest_route=\/wp\/v2\/posts\/27118","targetHints":{"allow":["GET"]}}],"collection":[{"href":"https:\/\/revistazetta.com\/index.php?rest_route=\/wp\/v2\/posts"}],"about":[{"href":"https:\/\/revistazetta.com\/index.php?rest_route=\/wp\/v2\/types\/post"}],"author":[{"embeddable":true,"href":"https:\/\/revistazetta.com\/index.php?rest_route=\/wp\/v2\/users\/3"}],"replies":[{"embeddable":true,"href":"https:\/\/revistazetta.com\/index.php?rest_route=%2Fwp%2Fv2%2Fcomments&post=27118"}],"version-history":[{"count":0,"href":"https:\/\/revistazetta.com\/index.php?rest_route=\/wp\/v2\/posts\/27118\/revisions"}],"wp:featuredmedia":[{"embeddable":true,"href":"https:\/\/revistazetta.com\/index.php?rest_route=\/wp\/v2\/media\/27119"}],"wp:attachment":[{"href":"https:\/\/revistazetta.com\/index.php?rest_route=%2Fwp%2Fv2%2Fmedia&parent=27118"}],"wp:term":[{"taxonomy":"category","embeddable":true,"href":"https:\/\/revistazetta.com\/index.php?rest_route=%2Fwp%2Fv2%2Fcategories&post=27118"},{"taxonomy":"post_tag","embeddable":true,"href":"https:\/\/revistazetta.com\/index.php?rest_route=%2Fwp%2Fv2%2Ftags&post=27118"}],"curies":[{"name":"wp","href":"https:\/\/api.w.org\/{rel}","templated":true}]}}