{"id":27120,"date":"2018-08-01T02:09:51","date_gmt":"2018-08-01T07:09:51","guid":{"rendered":"http:\/\/www.revistazetta.com\/?p=27120"},"modified":"2018-08-01T02:30:19","modified_gmt":"2018-08-01T07:30:19","slug":"andres-garcia-zuccardi-llega-la-comision-3a-del-senado","status":"publish","type":"post","link":"https:\/\/revistazetta.com\/?p=27120","title":{"rendered":"Andr\u00e9s Garc\u00eda Zuccardi llega a la Comisi\u00f3n 3\u00aa del Senado"},"content":{"rendered":"<p>Este martes en plenaria de Senado se dieron a conocer los integrantes oficiales de las siete comisiones constitucionales. El Senador Andr\u00e9s Garc\u00eda Zuccardi, quien durante dos semanas fue compromisario encargado del Partido de la Unidad, estar\u00e1 en la Comisi\u00f3n Tercera durante los pr\u00f3ximos cuatro a\u00f1os.<\/p>\n<p>La Comisi\u00f3n Tercera se encarga junto a la Comisi\u00f3n Cuarta de todos los temas econ\u00f3micos del pa\u00eds; es la encargada de tramitar la reforma tributaria, el Plan de Desarrollo, el Presupuesto General de la Naci\u00f3n y las estampillas .<\/p>\n<p>\u201cEsta es un gran responsabilidad como Senador de la Rep\u00fablica; mi compromiso es con m\u00e1s y mejores oportunidades para todos los colombianos. Continuar\u00e9 trabajando por la modernizaci\u00f3n del Estado, la transparencia, por m\u00e1s y mejores oportunidades de empleo, por el emprendimiento y la innovaci\u00f3n\u201d, asegur\u00f3 Garc\u00eda Zuccardi como \u00a0nuevo miembro de la Comisi\u00f3n Tercera de Senado.<\/p>\n<p>&nbsp;<\/p>\n","protected":false},"excerpt":{"rendered":"<p>Este martes en plenaria de Senado se dieron a conocer los integrantes oficiales de las siete comisiones constitucionales. El Senador Andr\u00e9s Garc\u00eda Zuccardi, quien durante dos semanas fue compromisario encargado del Partido de la Unidad, estar\u00e1 en la Comisi\u00f3n Tercera durante los pr\u00f3ximos cuatro a\u00f1os. La Comisi\u00f3n Tercera se encarga junto a la Comisi\u00f3n Cuarta de todos los temas econ\u00f3micos del pa\u00eds; es la encargada de tramitar la reforma tributaria, el Plan de Desarrollo, el Presupuesto General de la Naci\u00f3n y las estampillas . \u201cEsta es un gran responsabilidad como&#8230; <\/p>\n","protected":false},"author":3,"featured_media":27121,"comment_status":"open","ping_status":"closed","sticky":false,"template":"","format":"standard","meta":{"footnotes":"","_links_to":"","_links_to_target":""},"categories":[4,82],"tags":[],"class_list":["post-27120","post","type-post","status-publish","format-standard","has-post-thumbnail","hentry","category-politica","category-senado"],"_links":{"self":[{"href":"https:\/\/revistazetta.com\/index.php?rest_route=\/wp\/v2\/posts\/27120","targetHints":{"allow":["GET"]}}],"collection":[{"href":"https:\/\/revistazetta.com\/index.php?rest_route=\/wp\/v2\/posts"}],"about":[{"href":"https:\/\/revistazetta.com\/index.php?rest_route=\/wp\/v2\/types\/post"}],"author":[{"embeddable":true,"href":"https:\/\/revistazetta.com\/index.php?rest_route=\/wp\/v2\/users\/3"}],"replies":[{"embeddable":true,"href":"https:\/\/revistazetta.com\/index.php?rest_route=%2Fwp%2Fv2%2Fcomments&post=27120"}],"version-history":[{"count":0,"href":"https:\/\/revistazetta.com\/index.php?rest_route=\/wp\/v2\/posts\/27120\/revisions"}],"wp:featuredmedia":[{"embeddable":true,"href":"https:\/\/revistazetta.com\/index.php?rest_route=\/wp\/v2\/media\/27121"}],"wp:attachment":[{"href":"https:\/\/revistazetta.com\/index.php?rest_route=%2Fwp%2Fv2%2Fmedia&parent=27120"}],"wp:term":[{"taxonomy":"category","embeddable":true,"href":"https:\/\/revistazetta.com\/index.php?rest_route=%2Fwp%2Fv2%2Fcategories&post=27120"},{"taxonomy":"post_tag","embeddable":true,"href":"https:\/\/revistazetta.com\/index.php?rest_route=%2Fwp%2Fv2%2Ftags&post=27120"}],"curies":[{"name":"wp","href":"https:\/\/api.w.org\/{rel}","templated":true}]}}