{"id":27122,"date":"2018-08-01T02:16:43","date_gmt":"2018-08-01T07:16:43","guid":{"rendered":"http:\/\/www.revistazetta.com\/?p=27122"},"modified":"2018-08-01T02:16:43","modified_gmt":"2018-08-01T07:16:43","slug":"emeterio-montes-plantea-bases-control-politico","status":"publish","type":"post","link":"https:\/\/revistazetta.com\/?p=27122","title":{"rendered":"Emeterio Montes plantea bases de control pol\u00edtico"},"content":{"rendered":"<p>Tres atributos debe tener el control pol\u00edtico que se haga en el Congreso, en la \u00f3ptica del representante Emeterio Montes: transparencia, justicia y equidad.<\/p>\n<p>Con esas premisas trabajar\u00e1 desde la Comisi\u00f3n Sexta, desde donde desplegar\u00e1 su agenda legislativa en \u00e1reas como la educaci\u00f3n, la cultura, las telecomunicaciones, el transporte, los servicios p\u00fablicos, entre otros.<\/p>\n<p>\u201cMi compromiso con el departamento de Bol\u00edvar, hoy 31 de julio de 2018, avanza de la mejor manera, gracias a la conformaci\u00f3n de la comisi\u00f3n sexta constitucional permanente, donde continuaremos trabajando en el control pol\u00edtico\u201d, dijo tras confirmar su presencia en esa c\u00e9lula legislativa.<\/p>\n<p>Montes inicia su primer periodo como Representante a la C\u00e1mara por Bol\u00edvar, y una vez conocida la Comisi\u00f3n que integra, procedi\u00f3 a confeccionar la agenda de proyectos de ley y debates de control pol\u00edtico que propondr\u00e1 adelantar.<\/p>\n","protected":false},"excerpt":{"rendered":"<p>Tres atributos debe tener el control pol\u00edtico que se haga en el Congreso, en la \u00f3ptica del representante Emeterio Montes: transparencia, justicia y equidad. Con esas premisas trabajar\u00e1 desde la Comisi\u00f3n Sexta, desde donde desplegar\u00e1 su agenda legislativa en \u00e1reas como la educaci\u00f3n, la cultura, las telecomunicaciones, el transporte, los servicios p\u00fablicos, entre otros. \u201cMi compromiso con el departamento de Bol\u00edvar, hoy 31 de julio de 2018, avanza de la mejor manera, gracias a la conformaci\u00f3n de la comisi\u00f3n sexta constitucional permanente, donde continuaremos trabajando en el control pol\u00edtico\u201d, dijo&#8230; <\/p>\n","protected":false},"author":3,"featured_media":27123,"comment_status":"open","ping_status":"closed","sticky":false,"template":"","format":"standard","meta":{"footnotes":"","_links_to":"","_links_to_target":""},"categories":[75,4],"tags":[],"class_list":["post-27122","post","type-post","status-publish","format-standard","has-post-thumbnail","hentry","category-destacada","category-politica"],"_links":{"self":[{"href":"https:\/\/revistazetta.com\/index.php?rest_route=\/wp\/v2\/posts\/27122","targetHints":{"allow":["GET"]}}],"collection":[{"href":"https:\/\/revistazetta.com\/index.php?rest_route=\/wp\/v2\/posts"}],"about":[{"href":"https:\/\/revistazetta.com\/index.php?rest_route=\/wp\/v2\/types\/post"}],"author":[{"embeddable":true,"href":"https:\/\/revistazetta.com\/index.php?rest_route=\/wp\/v2\/users\/3"}],"replies":[{"embeddable":true,"href":"https:\/\/revistazetta.com\/index.php?rest_route=%2Fwp%2Fv2%2Fcomments&post=27122"}],"version-history":[{"count":0,"href":"https:\/\/revistazetta.com\/index.php?rest_route=\/wp\/v2\/posts\/27122\/revisions"}],"wp:featuredmedia":[{"embeddable":true,"href":"https:\/\/revistazetta.com\/index.php?rest_route=\/wp\/v2\/media\/27123"}],"wp:attachment":[{"href":"https:\/\/revistazetta.com\/index.php?rest_route=%2Fwp%2Fv2%2Fmedia&parent=27122"}],"wp:term":[{"taxonomy":"category","embeddable":true,"href":"https:\/\/revistazetta.com\/index.php?rest_route=%2Fwp%2Fv2%2Fcategories&post=27122"},{"taxonomy":"post_tag","embeddable":true,"href":"https:\/\/revistazetta.com\/index.php?rest_route=%2Fwp%2Fv2%2Ftags&post=27122"}],"curies":[{"name":"wp","href":"https:\/\/api.w.org\/{rel}","templated":true}]}}