{"id":27137,"date":"2018-08-06T06:58:50","date_gmt":"2018-08-06T11:58:50","guid":{"rendered":"http:\/\/www.revistazetta.com\/?p=27137"},"modified":"2018-08-06T08:23:15","modified_gmt":"2018-08-06T13:23:15","slug":"buenos-precios-productos-mercado-campesino-arjona","status":"publish","type":"post","link":"https:\/\/revistazetta.com\/?p=27137","title":{"rendered":"Buenos precios y productos en Mercado Campesino de Arjona"},"content":{"rendered":"<div dir=\"auto\">Gracias a la iniciativa de la Alcald\u00eda Municipal de Arjona, en la Plaza Principal del municipio, se realiz\u00f3 el primer Mercado Campesino y Feria Artesanal, Gastron\u00f3mica y Cultural del 2018, donde peque\u00f1os productores, artesanos y cocineros de los corregimientos y el casco urbano ofrecieron los productos cultivados y elaborados por ellos mismos.<\/div>\n<div dir=\"auto\"><\/div>\n<div dir=\"auto\">\u201cEste es un espacio que debemos promover para todas las familias arjoneras que se dedican a eso y que necesitan el impulso de la administraci\u00f3n municipal y de todo el campo para poder salir adelante y avanzar\u201d, manifest\u00f3 Esther Mar\u00eda Jalilie Garc\u00eda, alcaldesa de Arjona. La mandataria tambi\u00e9n expres\u00f3 su agradecimiento con la Gobernaci\u00f3n de Bol\u00edvar, por su participaci\u00f3n y acompa\u00f1amiento\u00a0 y por el trabajo realizado por ambos gobiernos en la consolidaci\u00f3n de proyectos importantes para el beneficio del departamento y el municipio.<\/div>\n<div dir=\"auto\"><\/div>\n<div dir=\"auto\">Carlos Castilla, campesino de la vereda La Esperanza del corregimiento de Gambote, manifest\u00f3 estar muy agradecido por la oportunidad que hoy le brind\u00f3 la administraci\u00f3n municipal. \u201cMuy maravilloso, magn\u00edfico, estamos agradecidos por lo que ha hecho la alcaldesa con nosotros y seguimos avanzando. Tambi\u00e9n le pedimos al pueblo arjonero a que nos sigan apoyando comprando nuestros productos\u201d.<\/div>\n<div dir=\"auto\"><\/div>\n<div dir=\"auto\">Danilo Contreras, Secretario de Agricultura Departamental, expres\u00f3 \u201cEsta es una iniciativa exitosa, que tiene que repetirse, una iniciativa que favorece a que los campesinos puedan comercializar sus productos, al nivel departamental apoyamos este tipo de proyectos\u201d.<\/div>\n<div dir=\"auto\"><\/div>\n<div dir=\"auto\">Yesica Moreno, Asesora de G\u00e9nero, Juventud y Emprendimiento manifest\u00f3 que para este gobierno siempre ha sido indispensable poder apoyar todo lo que genere ingresos y m\u00e1s desarrollo para el municipio. \u201cEste es un espacio que hay que aprovechar para que los arjoneros den a conocer los productos que ellos cultivan y elaboran. Este es un gobierno que si avanza, incluyente y solidario, un gobierno que siempre tiene en cuenta a sus corregimientos y casco urbano\u201d.<\/div>\n<div dir=\"auto\"><\/div>\n<div dir=\"auto\">Los Mercados Campesinos se estar\u00e1n realizando el primer domingo de cada mes, con los productos que se cultivan y elaboran por la poblaci\u00f3n arjonera, adem\u00e1s contar\u00e1 con presentaciones culturales.<\/div>\n","protected":false},"excerpt":{"rendered":"<p>Gracias a la iniciativa de la Alcald\u00eda Municipal de Arjona, en la Plaza Principal del municipio, se realiz\u00f3 el primer Mercado Campesino y Feria Artesanal, Gastron\u00f3mica y Cultural del 2018, donde peque\u00f1os productores, artesanos y cocineros de los corregimientos y el casco urbano ofrecieron los productos cultivados y elaborados por ellos mismos. \u201cEste es un espacio que debemos promover para todas las familias arjoneras que se dedican a eso y que necesitan el impulso de la administraci\u00f3n municipal y de todo el campo para poder salir adelante y avanzar\u201d, manifest\u00f3&#8230; <\/p>\n","protected":false},"author":3,"featured_media":27146,"comment_status":"open","ping_status":"closed","sticky":false,"template":"","format":"standard","meta":{"footnotes":"","_links_to":"","_links_to_target":""},"categories":[75,83,80],"tags":[],"class_list":["post-27137","post","type-post","status-publish","format-standard","has-post-thumbnail","hentry","category-destacada","category-municipios","category-region"],"_links":{"self":[{"href":"https:\/\/revistazetta.com\/index.php?rest_route=\/wp\/v2\/posts\/27137","targetHints":{"allow":["GET"]}}],"collection":[{"href":"https:\/\/revistazetta.com\/index.php?rest_route=\/wp\/v2\/posts"}],"about":[{"href":"https:\/\/revistazetta.com\/index.php?rest_route=\/wp\/v2\/types\/post"}],"author":[{"embeddable":true,"href":"https:\/\/revistazetta.com\/index.php?rest_route=\/wp\/v2\/users\/3"}],"replies":[{"embeddable":true,"href":"https:\/\/revistazetta.com\/index.php?rest_route=%2Fwp%2Fv2%2Fcomments&post=27137"}],"version-history":[{"count":0,"href":"https:\/\/revistazetta.com\/index.php?rest_route=\/wp\/v2\/posts\/27137\/revisions"}],"wp:featuredmedia":[{"embeddable":true,"href":"https:\/\/revistazetta.com\/index.php?rest_route=\/wp\/v2\/media\/27146"}],"wp:attachment":[{"href":"https:\/\/revistazetta.com\/index.php?rest_route=%2Fwp%2Fv2%2Fmedia&parent=27137"}],"wp:term":[{"taxonomy":"category","embeddable":true,"href":"https:\/\/revistazetta.com\/index.php?rest_route=%2Fwp%2Fv2%2Fcategories&post=27137"},{"taxonomy":"post_tag","embeddable":true,"href":"https:\/\/revistazetta.com\/index.php?rest_route=%2Fwp%2Fv2%2Ftags&post=27137"}],"curies":[{"name":"wp","href":"https:\/\/api.w.org\/{rel}","templated":true}]}}