{"id":27138,"date":"2018-08-06T07:32:20","date_gmt":"2018-08-06T12:32:20","guid":{"rendered":"http:\/\/www.revistazetta.com\/?p=27138"},"modified":"2018-08-06T08:00:48","modified_gmt":"2018-08-06T13:00:48","slug":"manual-ninos-entender-caso-uribe-cepeda-opinion-alvaro-royo-desde-xiamen","status":"publish","type":"post","link":"https:\/\/revistazetta.com\/?p=27138","title":{"rendered":"Manual para ni\u00f1os para entender el caso Uribe-Cepeda \u2013 Opini\u00f3n de \u00c1lvaro Royo desde Xiamen"},"content":{"rendered":"<p><strong><span style=\"color: #000080;\">Por \u00c1lvaro Royo (Especial para Revista Zetta).-<\/span> <span style=\"color: #008000;\">(Xiamen \u2013 China).-<\/span>\u00a0<\/strong><span style=\"color: #3366ff;\"><em>Los mayores nunca entienden nada de s\u00ed mismos, y resulta pesado para los ni\u00f1os tener que estar explic\u00e1ndoles siempre las cosas &#8211;\u00a0<strong>Antoine De Saint-Exupery (autor del Principito).<\/strong><\/em><\/span><\/p>\n<p><img loading=\"lazy\" decoding=\"async\" class=\"alignright size-medium wp-image-27139\" src=\"https:\/\/www.revistazetta.com\/wp-content\/uploads\/2018\/08\/P1-300x141.jpg\" alt=\"\" width=\"300\" height=\"141\" srcset=\"https:\/\/revistazetta.com\/wp-content\/uploads\/2018\/08\/P1-300x141.jpg 300w, https:\/\/revistazetta.com\/wp-content\/uploads\/2018\/08\/P1-260x122.jpg 260w, https:\/\/revistazetta.com\/wp-content\/uploads\/2018\/08\/P1-50x24.jpg 50w, https:\/\/revistazetta.com\/wp-content\/uploads\/2018\/08\/P1-150x71.jpg 150w, https:\/\/revistazetta.com\/wp-content\/uploads\/2018\/08\/P1.jpg 850w\" sizes=\"auto, (max-width: 300px) 100vw, 300px\" \/>A ra\u00edz de la confusi\u00f3n creada con el llamado a indagatoria por parte de la Corte suprema de justicia al expresidente Uribe, y ver que periodistas de tanto renombre y reconocidos como <strong>Mar\u00eda Isabel Rueda, La W, Mauricio Vargas<\/strong>, o <strong>peri\u00f3dicos como ABC<\/strong>de Espa\u00f1a caen una y otra vez en confusiones y desaciertos, estuve investigando las realidades que chocan con las opiniones del proceso e hice una lista de aclaraciones con el fin de que los que lean este art\u00edculo encuentren un poco m\u00e1s de sosiego con respecto a este caso porque con el diluvio de mentiras mezcladas con g\u00f3ticas de verdad se siente una confusi\u00f3n generalizada.<\/p>\n<p>Cabe anotar que todos los puntos que aqu\u00ed menciono, forman parte del proceso y de la realidad, ninguno es de mi opini\u00f3n, y todos, toditos est\u00e1n debidamente investigados, documentados y de f\u00e1cil verificaci\u00f3n, de f\u00e1cil verificaci\u00f3n pero en fuentes cre\u00edbles, porque si te vas buscar informaci\u00f3n en medios de Gustavo Rugeles o Fernando Londo\u00f1o te meter\u00e1s en un basural putrefacto que huele a kil\u00f3metros y solo des-informa.<\/p>\n<p><img loading=\"lazy\" decoding=\"async\" class=\"alignright size-full wp-image-27141\" src=\"https:\/\/www.revistazetta.com\/wp-content\/uploads\/2018\/08\/P3.jpeg\" alt=\"\" width=\"272\" height=\"185\" srcset=\"https:\/\/revistazetta.com\/wp-content\/uploads\/2018\/08\/P3.jpeg 272w, https:\/\/revistazetta.com\/wp-content\/uploads\/2018\/08\/P3-215x146.jpeg 215w, https:\/\/revistazetta.com\/wp-content\/uploads\/2018\/08\/P3-50x34.jpeg 50w, https:\/\/revistazetta.com\/wp-content\/uploads\/2018\/08\/P3-110x75.jpeg 110w\" sizes=\"auto, (max-width: 272px) 100vw, 272px\" \/><\/p>\n<ol>\n<li>Uribe es el que demanda a Cepeda, no cepeda a Uribe.<\/li>\n<li>La marca y la procedencia del reloj con que se hizo la grabaci\u00f3n no es importante dentro del proceso, si era inglesa, china o Rolex.<\/li>\n<li>Fueron solo 9 visitas de Cepeda a Monsalve, no 21.<\/li>\n<li>Cepeda visita a Monsalve como miembro de la comisi\u00f3n de Paz del Congreso, visitas aprobadas por el gobierno y de las cuales hay bastante documentaci\u00f3n.<\/li>\n<li>Iv\u00e1n Cepeda, Piedad C\u00f3rdoba y Rodrigo Lara si visitaron al narcotraficante alias \u201cEl Tuso\u201d Sierra, si, hace much\u00edsimos a\u00f1os en una c\u00e1rcel de Estados Unidos y autorizados por del Gobierno.<\/li>\n<li>Es est\u00fapido pensar que se pueden ofrecer beneficios carcelarios en una prisi\u00f3n norteamericana.<\/li>\n<li>Luego de la indagatoria del 3 de septiembre, Uribe si puede ser cobijado con detenci\u00f3n intramural.<\/li>\n<li>Uribe va a tener derecho a la doble instancia.<\/li>\n<li>La Corte Suprema de Justicia lleva varios a\u00f1os interceptando los tel\u00e9fonos de Uribe, Cepeda y su c\u00edrculo m\u00e1s cercano y re\u00fane las pruebas para declarar limpio a Cepeda y llamar a indagatoria a Uribe.<\/li>\n<\/ol>\n<ul>\n<li>En la Corte Suprema de Justicia no hay exguerrilleros<\/li>\n<li>La investigaci\u00f3n contra Cepeda se tom\u00f3 4 a\u00f1os y no encontraron pruebas en contra de \u00e9l.<\/li>\n<li>Los videos y audios no necesitan cadena de custodia porque es muy f\u00e1cil detectar si han sido manipulados, y el haber sido manipulados los declara nulos.<\/li>\n<li>Los computadores si requieran cadena de custodia porque se le puede sembrar informaci\u00f3n sin ser detectada.<\/li>\n<li>No existe el tal informe de contrainteligencia nombrado por Gustavo Rugeles y Fernando Londo\u00f1o<\/li>\n<li>Carlos Areiza, testigo dentro del caso, fue asesinado.<\/li>\n<li>Monsalve ha sobrevivido a intentos de envenenamiento.<\/li>\n<li>Los integrantes del \u201cCartel de la Toga\u201d, los exmagistrados Malo, Ricaurte y Bustos, ya no hacen parte de la Corte Suprema de Justicia<\/li>\n<li>La exfiscal Hilda Ni\u00f1o, que aparece ahora haciendo aclaraciones y acusaciones, est\u00e1 presa por Nexos con narcotraficantes.<\/li>\n<\/ul>\n<p><img loading=\"lazy\" decoding=\"async\" class=\"alignright wp-image-27140 size-medium\" src=\"https:\/\/www.revistazetta.com\/wp-content\/uploads\/2018\/08\/p2-300x200.jpg\" alt=\"\" width=\"300\" height=\"200\" srcset=\"https:\/\/revistazetta.com\/wp-content\/uploads\/2018\/08\/p2-300x200.jpg 300w, https:\/\/revistazetta.com\/wp-content\/uploads\/2018\/08\/p2-219x146.jpg 219w, https:\/\/revistazetta.com\/wp-content\/uploads\/2018\/08\/p2-50x33.jpg 50w, https:\/\/revistazetta.com\/wp-content\/uploads\/2018\/08\/p2-113x75.jpg 113w, https:\/\/revistazetta.com\/wp-content\/uploads\/2018\/08\/p2.jpg 849w\" sizes=\"auto, (max-width: 300px) 100vw, 300px\" \/><\/p>\n<p>Que un periodista profesional extranjero cometa alg\u00fan desacierto es a veces entendible en estos tiempos de titulares y fake news, pero que periodistas colombianos de renombre sigan repitiendo las mismas mentiras que dicen una y otra vez\u00a0 los implicados, no tiene ninguna presentaci\u00f3n, queda la duda si lo hacen por posici\u00f3n pol\u00edtica o porque simplemente se creen su verdad.<\/p>\n<p>De <strong>Claudia Gurisatti<\/strong>se entiende, porque a pesar de que es una figura reconocid\u00edsima, est\u00e1 claro que nunca le lleg\u00f3 la madurez para analizar un tema con profundidad.<\/p>\n<p>Y de un tipo tan respetable como <strong>Hassan Nassar<\/strong>hablando de cadenas de custodias con pruebas de audios y video s\u00ed que es totalmente de risa, cuando es de conocimiento p\u00fablico que en el Sanandresito m\u00e1s cerca de su casa puede comprar un aparatico por 10 mil pesitos para detectar si los audios o el video han sido manipulados \u00a0o editados.<\/p>\n<p>\u00a1Y Otra vez! la manipulaci\u00f3n de una prueba la hace inv\u00e1lida.<\/p>\n<p>&nbsp;<\/p>\n<p><strong>Un abrazo!<\/strong><\/p>\n<p><strong>Alvaro Royo<\/strong><\/p>\n<p>enchina@gmail.com<\/p>\n<p><a href=\"https:\/\/www.alvaroroyo.com\/\" target=\"_blank\" rel=\"noopener\">www.alvaroroyo.com<\/a><\/p>\n<p><strong>0086-13559231344<\/strong><\/p>\n<p>&nbsp;<\/p>\n<p>&nbsp;<\/p>\n","protected":false},"excerpt":{"rendered":"<p>Por \u00c1lvaro Royo (Especial para Revista Zetta).- (Xiamen \u2013 China).-\u00a0Los mayores nunca entienden nada de s\u00ed mismos, y resulta pesado para los ni\u00f1os tener que estar explic\u00e1ndoles siempre las cosas &#8211;\u00a0Antoine De Saint-Exupery (autor del Principito). A ra\u00edz de la confusi\u00f3n creada con el llamado a indagatoria por parte de la Corte suprema de justicia al expresidente Uribe, y ver que periodistas de tanto renombre y reconocidos como Mar\u00eda Isabel Rueda, La W, Mauricio Vargas, o peri\u00f3dicos como ABCde Espa\u00f1a caen una y otra vez en confusiones y desaciertos, estuve&#8230; <\/p>\n","protected":false},"author":3,"featured_media":27143,"comment_status":"open","ping_status":"closed","sticky":false,"template":"","format":"standard","meta":{"footnotes":"","_links_to":"","_links_to_target":""},"categories":[75,44,65],"tags":[],"class_list":["post-27138","post","type-post","status-publish","format-standard","has-post-thumbnail","hentry","category-destacada","category-materiagris","category-opinion"],"_links":{"self":[{"href":"https:\/\/revistazetta.com\/index.php?rest_route=\/wp\/v2\/posts\/27138","targetHints":{"allow":["GET"]}}],"collection":[{"href":"https:\/\/revistazetta.com\/index.php?rest_route=\/wp\/v2\/posts"}],"about":[{"href":"https:\/\/revistazetta.com\/index.php?rest_route=\/wp\/v2\/types\/post"}],"author":[{"embeddable":true,"href":"https:\/\/revistazetta.com\/index.php?rest_route=\/wp\/v2\/users\/3"}],"replies":[{"embeddable":true,"href":"https:\/\/revistazetta.com\/index.php?rest_route=%2Fwp%2Fv2%2Fcomments&post=27138"}],"version-history":[{"count":0,"href":"https:\/\/revistazetta.com\/index.php?rest_route=\/wp\/v2\/posts\/27138\/revisions"}],"wp:featuredmedia":[{"embeddable":true,"href":"https:\/\/revistazetta.com\/index.php?rest_route=\/wp\/v2\/media\/27143"}],"wp:attachment":[{"href":"https:\/\/revistazetta.com\/index.php?rest_route=%2Fwp%2Fv2%2Fmedia&parent=27138"}],"wp:term":[{"taxonomy":"category","embeddable":true,"href":"https:\/\/revistazetta.com\/index.php?rest_route=%2Fwp%2Fv2%2Fcategories&post=27138"},{"taxonomy":"post_tag","embeddable":true,"href":"https:\/\/revistazetta.com\/index.php?rest_route=%2Fwp%2Fv2%2Ftags&post=27138"}],"curies":[{"name":"wp","href":"https:\/\/api.w.org\/{rel}","templated":true}]}}