{"id":27158,"date":"2018-08-07T22:51:17","date_gmt":"2018-08-08T03:51:17","guid":{"rendered":"http:\/\/www.revistazetta.com\/?p=27158"},"modified":"2018-08-07T22:51:17","modified_gmt":"2018-08-08T03:51:17","slug":"primer-gabinete-paritario-excelencia-compromiso","status":"publish","type":"post","link":"https:\/\/revistazetta.com\/?p=27158","title":{"rendered":"Primer Gabinete paritario: excelencia y compromiso"},"content":{"rendered":"<blockquote><p><strong>Esto expres\u00f3 el nuevo presidente de Colombia, Iv\u00e1n Duque, al tomar juramento a su equipo de ministros, conformado paritariamente por hombres y mujeres:<\/strong><\/p><\/blockquote>\n<p>Antes de hacer el juramento quiero decirles de coraz\u00f3n que este es un gran equipo que hoy asume las riendas del pa\u00eds.<\/p>\n<p>Todos ustedes son personas que conforman este gabinete por su conocimiento, por su trayectoria, por su amor a la patria y porque tengo la plena convicci\u00f3n que vamos a servirle al pa\u00eds llenando las expectativas que existen en la ciudadan\u00eda.<\/p>\n<p>Y tambi\u00e9n me complace que este gabinete, que ser\u00e1 el Gabinete del Bicentenario, sea el primer gabinete paritario entre hombres y mujeres en la historia de nuestro pa\u00eds.<\/p>\n<p>(Posesi\u00f3n)<\/p>\n<p>Hoy es un d\u00eda muy importante para nuestro pa\u00eds, porque se inicia un gobierno con una enorme responsabilidad, la responsabilidad de crear esperanza, la responsabilidad de entregar resultados, la responsabilidad de sembrar nuevamente en cada lugar del territorio nacional la certeza que hay un deseo desde la c\u00fapula del gobierno de llevar soluciones concretas.<\/p>\n<p>Cada uno de los ministros y ministras que han tomado el d\u00eda de hoy son personas que han dejado huella en sus profesiones, son personas que han dejado huella a lo largo de su actividad en el sector p\u00fablico, en el sector privado, en el sector social.<\/p>\n<p>Lo que a m\u00ed m\u00e1s me motiva hoy al tomar posesi\u00f3n de este equipo, es que recuerdo aquella frase del libertador Sim\u00f3n Bol\u00edvar cuando tom\u00f3 juramentaci\u00f3n del primer gabinete de la Patria y dijo: que aqu\u00ed lo que se trataba era de elegir a las personas que le dar\u00edan vigencia, vitalidad, formaci\u00f3n y estructura al Estado.<\/p>\n<p>Tengo la plena certeza que este es un gabinete de excelencia, que este es un gabinete de compromiso y tengo la certeza que vamos a mostrar resultados r\u00e1pidos y resultados estructurales para nuestro pa\u00eds.<\/p>\n<p>Mi tarea como Presidente de la Republica estar\u00e1 en trabajar con cada uno de ellos como coequipero y al mismo tiempo darles el respaldo que se requiera para el \u00e9xito de sus funciones.<\/p>\n<p>Hoy Colombia tiene que ser un pa\u00eds que mire hacia el futuro.<\/p>\n<p>Yo lo anunciaba hoy en el discurso de posesi\u00f3n: mientras Colombia sigue muchas veces enfrentando problemas que han envejecido mal, otros pa\u00edses est\u00e1n avanzando y desarroll\u00e1ndose hac\u00eda la cuarta revoluci\u00f3n industrial.<\/p>\n<p>El reto que tenemos hoy es ser capaz de dedicarnos a lo urgente y al mismo tiempo a lo importante. A lo inmediato y al mismo tiempo a las cosas que deben trascender, y estoy seguro que en el a\u00f1o 2022 este Gobierno le habr\u00e1 demostrado a Colombia que se puede construir un pa\u00eds donde la legalidad sea el principal instrumento del ciudadano para sentirse protegido en el ejercicio de sus libertades.<\/p>\n<p>Estoy seguro que este ser\u00e1 un pa\u00eds donde el emprendimiento estar\u00e1 creciendo en cada uno de los sectores representados ac\u00e1 con las micro, las peque\u00f1as, las medianas y las grandes empresas que se necesitan.<\/p>\n<p>Pero lo m\u00e1s importante estoy seguro, que seremos un pa\u00eds que ha consolidado el camino hacia la equidad con la expansi\u00f3n de su clase media y con una meta que aunque ambiciosa tenemos que repetirla todos los d\u00edas; derrotar la pobreza extrema en Colombia.<\/p>\n<p>Cumplir los objetivos de desarrollo sostenible, hacerlo como lo dijimos hoy en armon\u00eda con el medio ambiente pensando en la ciencia y la tecnolog\u00eda.<\/p>\n<p>Pero m\u00e1s all\u00e1 de eso, pensando en que aqu\u00ed no est\u00e1n representados feudos pol\u00edticos. Aqu\u00ed no est\u00e1n representados ministerios en funci\u00f3n de una calculadora para complacer una repartici\u00f3n pol\u00edticamente conveniente.<\/p>\n<p>Hemos buscado a los mejores, hemos invitado a los mejores, pero no solamente por su formaci\u00f3n y su liderazgo y su capacidad de comunicaci\u00f3n, porque son buenas personas.<\/p>\n<p>Son personas honorables y personas que van a llevar en alto el tricolor y el escudo de esta bella patria que se llama Colombia.<\/p>\n<p>\u00a1Qu\u00e9 Dios bendiga este gabinete! \u00a1Qu\u00e9 Dios bendiga este equipo!, y que empecemos desde ya a hacer historia.<\/p>\n<p>&nbsp;<\/p>\n","protected":false},"excerpt":{"rendered":"<p>Esto expres\u00f3 el nuevo presidente de Colombia, Iv\u00e1n Duque, al tomar juramento a su equipo de ministros, conformado paritariamente por hombres y mujeres: Antes de hacer el juramento quiero decirles de coraz\u00f3n que este es un gran equipo que hoy asume las riendas del pa\u00eds. Todos ustedes son personas que conforman este gabinete por su conocimiento, por su trayectoria, por su amor a la patria y porque tengo la plena convicci\u00f3n que vamos a servirle al pa\u00eds llenando las expectativas que existen en la ciudadan\u00eda. Y tambi\u00e9n me complace que&#8230; <\/p>\n","protected":false},"author":3,"featured_media":27159,"comment_status":"open","ping_status":"closed","sticky":false,"template":"","format":"standard","meta":{"footnotes":"","_links_to":"","_links_to_target":""},"categories":[75,2,35],"tags":[],"class_list":["post-27158","post","type-post","status-publish","format-standard","has-post-thumbnail","hentry","category-destacada","category-actualidad","category-actualidad-nacion"],"_links":{"self":[{"href":"https:\/\/revistazetta.com\/index.php?rest_route=\/wp\/v2\/posts\/27158","targetHints":{"allow":["GET"]}}],"collection":[{"href":"https:\/\/revistazetta.com\/index.php?rest_route=\/wp\/v2\/posts"}],"about":[{"href":"https:\/\/revistazetta.com\/index.php?rest_route=\/wp\/v2\/types\/post"}],"author":[{"embeddable":true,"href":"https:\/\/revistazetta.com\/index.php?rest_route=\/wp\/v2\/users\/3"}],"replies":[{"embeddable":true,"href":"https:\/\/revistazetta.com\/index.php?rest_route=%2Fwp%2Fv2%2Fcomments&post=27158"}],"version-history":[{"count":0,"href":"https:\/\/revistazetta.com\/index.php?rest_route=\/wp\/v2\/posts\/27158\/revisions"}],"wp:featuredmedia":[{"embeddable":true,"href":"https:\/\/revistazetta.com\/index.php?rest_route=\/wp\/v2\/media\/27159"}],"wp:attachment":[{"href":"https:\/\/revistazetta.com\/index.php?rest_route=%2Fwp%2Fv2%2Fmedia&parent=27158"}],"wp:term":[{"taxonomy":"category","embeddable":true,"href":"https:\/\/revistazetta.com\/index.php?rest_route=%2Fwp%2Fv2%2Fcategories&post=27158"},{"taxonomy":"post_tag","embeddable":true,"href":"https:\/\/revistazetta.com\/index.php?rest_route=%2Fwp%2Fv2%2Ftags&post=27158"}],"curies":[{"name":"wp","href":"https:\/\/api.w.org\/{rel}","templated":true}]}}