{"id":27184,"date":"2018-08-10T07:37:15","date_gmt":"2018-08-10T12:37:15","guid":{"rendered":"http:\/\/www.revistazetta.com\/?p=27184"},"modified":"2018-08-10T07:37:15","modified_gmt":"2018-08-10T12:37:15","slug":"distrito-instalo-vallas-del-edicto-del-macroproyecto-proteccion-costera","status":"publish","type":"post","link":"https:\/\/revistazetta.com\/?p=27184","title":{"rendered":"Distrito instal\u00f3 vallas del edicto del macroproyecto de Protecci\u00f3n Costera"},"content":{"rendered":"<p>La Alcald\u00eda de Cartagena, a trav\u00e9s del Departamento Administrativo de Valorizaci\u00f3n Distrital, avanza con los requisitos solicitados por la Direcci\u00f3n General Mar\u00edtima (DIMAR), para la ejecuci\u00f3n del macroproyecto de Protecci\u00f3n Costera, entre el empalme del t\u00fanel de Crespo y el espol\u00f3n Iribarren, en el barrio El Laguito, para notificar a los vecinos sobre las caracter\u00edsticas de esta obra.<\/p>\n<p>Cumpliendo con lo establecido en el t\u00edtulo IX cap\u00edtulo I, art\u00edculo 169 y siguientes del decreto ley 2324 de 1984, correspondiente al uso y goce de bienes de uso p\u00fablico de la Naci\u00f3n fueron instaladas tres vallas publicitarias en la zona de influencia.<\/p>\n<p>Con esta acci\u00f3n se pretende informar a la ciudadan\u00eda del macroproyecto y las especificaciones de lo que se realizar\u00e1, el cual mitigar\u00e1 el impacto del cambio clim\u00e1tico esta zona costera.<\/p>\n<p>\u201cEn esta fase nos encontramos adelantando el tr\u00e1mite de permiso de intervenci\u00f3n de zona de bajamar ante la Capitan\u00eda de Puerto y Direcci\u00f3n General Mar\u00edtima, DIMAR de la ciudad de Cartagena, y dentro de los requisitos exigidos para dicho permiso se instalaron tres vallas publicitarias notificando mediante edicto las \u00a0coordenadas y las caracter\u00edsticas de este proyecto. Esta notificaci\u00f3n es un requisito indispensable para que se expida en definitiva el permiso para el proyecto de protecci\u00f3n costera\u201d, afirm\u00f3 Eduardo Simancas Casta\u00f1o, subdirector T\u00e9cnico de Valorizaci\u00f3n Distrital.<\/p>\n<p>Tambi\u00e9n afirm\u00f3 Simancas Casta\u00f1o que la construcci\u00f3n consta de 10 espolones, 3 rompeolas, una escollera sumergible y la conformaci\u00f3n de playa de 80 metros de ancho en Bocagrande y 50 metros de ancho en el sector de Marbella y El Cabrero.<\/p>\n","protected":false},"excerpt":{"rendered":"<p>La Alcald\u00eda de Cartagena, a trav\u00e9s del Departamento Administrativo de Valorizaci\u00f3n Distrital, avanza con los requisitos solicitados por la Direcci\u00f3n General Mar\u00edtima (DIMAR), para la ejecuci\u00f3n del macroproyecto de Protecci\u00f3n Costera, entre el empalme del t\u00fanel de Crespo y el espol\u00f3n Iribarren, en el barrio El Laguito, para notificar a los vecinos sobre las caracter\u00edsticas de esta obra. Cumpliendo con lo establecido en el t\u00edtulo IX cap\u00edtulo I, art\u00edculo 169 y siguientes del decreto ley 2324 de 1984, correspondiente al uso y goce de bienes de uso p\u00fablico de la&#8230; <\/p>\n","protected":false},"author":3,"featured_media":27185,"comment_status":"open","ping_status":"closed","sticky":false,"template":"","format":"standard","meta":{"footnotes":"","_links_to":"","_links_to_target":""},"categories":[32],"tags":[],"class_list":["post-27184","post","type-post","status-publish","format-standard","has-post-thumbnail","hentry","category-actualidad-distrito"],"_links":{"self":[{"href":"https:\/\/revistazetta.com\/index.php?rest_route=\/wp\/v2\/posts\/27184","targetHints":{"allow":["GET"]}}],"collection":[{"href":"https:\/\/revistazetta.com\/index.php?rest_route=\/wp\/v2\/posts"}],"about":[{"href":"https:\/\/revistazetta.com\/index.php?rest_route=\/wp\/v2\/types\/post"}],"author":[{"embeddable":true,"href":"https:\/\/revistazetta.com\/index.php?rest_route=\/wp\/v2\/users\/3"}],"replies":[{"embeddable":true,"href":"https:\/\/revistazetta.com\/index.php?rest_route=%2Fwp%2Fv2%2Fcomments&post=27184"}],"version-history":[{"count":0,"href":"https:\/\/revistazetta.com\/index.php?rest_route=\/wp\/v2\/posts\/27184\/revisions"}],"wp:featuredmedia":[{"embeddable":true,"href":"https:\/\/revistazetta.com\/index.php?rest_route=\/wp\/v2\/media\/27185"}],"wp:attachment":[{"href":"https:\/\/revistazetta.com\/index.php?rest_route=%2Fwp%2Fv2%2Fmedia&parent=27184"}],"wp:term":[{"taxonomy":"category","embeddable":true,"href":"https:\/\/revistazetta.com\/index.php?rest_route=%2Fwp%2Fv2%2Fcategories&post=27184"},{"taxonomy":"post_tag","embeddable":true,"href":"https:\/\/revistazetta.com\/index.php?rest_route=%2Fwp%2Fv2%2Ftags&post=27184"}],"curies":[{"name":"wp","href":"https:\/\/api.w.org\/{rel}","templated":true}]}}