{"id":27186,"date":"2018-08-10T07:49:22","date_gmt":"2018-08-10T12:49:22","guid":{"rendered":"http:\/\/www.revistazetta.com\/?p=27186"},"modified":"2018-08-10T07:49:22","modified_gmt":"2018-08-10T12:49:22","slug":"estas-cifras-una-herramienta-tomar-decisiones-acertadas-yolanda","status":"publish","type":"post","link":"https:\/\/revistazetta.com\/?p=27186","title":{"rendered":"\u201cEstas cifras son una herramienta para tomar decisiones acertadas\u201d: Yolanda"},"content":{"rendered":"<p>Al t\u00e9rmino de la entrega del Informe de Calidad de Vida de los cartageneros en 2017, por parte del programa Cartagena C\u00f3mo Vamos, la alcaldesa encargada de la ciudad, Yolanda Wong Baldiris, se\u00f1al\u00f3 que estas cifras son una herramienta \u00fatil para que el gobierno tome decisiones acertadas.<\/p>\n<p>El informe mostr\u00f3 aspectos de c\u00f3mo est\u00e1 la ciudad en seguridad ciudadana, educaci\u00f3n, salud, vivienda y servicios p\u00fablicos, as\u00ed como medio ambiente, movilidad urbana, infraestructura y espacio p\u00fablico, entre otros aspectos.<\/p>\n<p>Al escuchar detalladamente cada dato del informe, la Alcaldesa expres\u00f3 que los indicadores que entrega el programa Cartagena C\u00f3mo Vamos son sumamente importantes porque no se puede estar de espaldas a una medici\u00f3n que se hace de la realidad de la ciudad.<\/p>\n<p>\u201cLa situaci\u00f3n pol\u00edtica hoy nos exige a todos, ciudadanos, gobierno, entidades y gremios que estemos juntos. En el informe hay unas cifras interesantes que se deben observar y que ser\u00e1n analizadas en un consejo de gobierno para que las decisiones relacionadas con la calidad del gasto e inversi\u00f3n sea oportuna\u201d.<\/p>\n<p>Dijo que el Plan Maestro de Educaci\u00f3n es una necesidad, no s\u00f3lo del gobierno, sino de los cartageneros.<\/p>\n<p>Tambi\u00e9n advirti\u00f3 que \u201cdisminuir al 100 por ciento de muertes asociadas a la intolerancia por pandillas no es ajeno a ninguno de nosotros y se ha hecho un gran esfuerzo desde la familia para tener resultados como los logrados en este tiempo. Hemos trabajado mucho en seguridad y a\u00fan nos falta\u201d.<\/p>\n<p>Wong Baldiris se\u00f1al\u00f3 que en este semestre se ha comenzado a trabajar en muchos de los temas que parecen en el informe tales como en seguridad. \u201cEs oportuno que la C\u00e1mara de Comercio de\u00a0 Cartagena reconociera p\u00fablicamente que se est\u00e1 trabajando, se han hecho grandes esfuerzos para garantizar la tranquilidad ciudadana\u201d.<\/p>\n<p>\u201cMi llamado, en privado y en p\u00fablico, es que haya una articulaci\u00f3n de todos los actores responsables del bienestar de Cartagena. Este es un trabajo de la Fiscal\u00eda General de la Naci\u00f3n, Procuradur\u00eda General de la Naci\u00f3n, autoridades y todas las entidades encargadas de garantizar la seguridad ciudadana\u201d, explic\u00f3 la mandataria.<\/p>\n<p>En cuanto a las acciones realizadas y que han permitido golpes contra las organizaciones dedicadas\u00a0 a da\u00f1ar a la ciudad, la Alcaldesa dijo que desde diciembre del a\u00f1o anterior se puso en marcha un plan por la vida, el cual tiene unas l\u00edneas estrat\u00e9gicas hacia algunas \u00e1reas que indicaban hechos negativos, que nos permiten trabajar y dar resultados como el registrado la semana anterior que permiti\u00f3 dar un fuerte golpe. Lo que se pretende es sostener y mantener este tipo de acciones y que todo el sector tur\u00edstico este en la legalidad.<\/p>\n<p>\u201cSomos articuladores con la Polic\u00eda para que se tenga un pie de fuerza importante\u201d, explic\u00f3 la Alcaldesa.<\/p>\n<p>Destac\u00f3 que la educaci\u00f3n a migrantes es un tema de inclusi\u00f3n, sin desconocer que se debe hacer mucho m\u00e1s para que m\u00e1s ni\u00f1os vayan a la escuela.<\/p>\n<p>\u201cHoy, todas estas cifras no exigen la articulaci\u00f3n sin prevenciones ni ego\u00edsmos, pero tambi\u00e9n la articulaci\u00f3n desde el lugar donde est\u00e1 cada uno de nosotros. Entender la preocupaci\u00f3n de los gremios y ciudadanos desde el gobierno. Debemos hablar de frente, escucharlos a todos es lo m\u00e1s importante para que la comunicaci\u00f3n sea lo m\u00e1s asertiva y podamos construir. La unidad de todos es lo que dar\u00e1 los resultados frente a estos indicadores, que en ocasiones no queremos escuchar, pero que toca. Hay mucho por hacer y necesitar\u00e9 de cada uno de ustedes durante el tiempo que est\u00e9 y hasta el \u00faltimo momento voy a gobernar. Cartagena s\u00ed se mueve y si nos movemos porque todos trabajamos en pro de ello, lo que hemos logrado en los \u00faltimos tiempos obedece a la unidad y si es posible estar juntos trabajando a pesar de las adversidades y las diferencias\u201d.<\/p>\n<p>Agreg\u00f3 que se deben fortalecer las finanzas del Distrito para poder llevar m\u00e1s inversi\u00f3n a la ciudad, desarrollar una pol\u00edtica p\u00fablica de juventud y lo importante es trabajar en equipo y de la mano con todas las autoridades y entidades.<\/p>\n<p>\u201cAgradezco de manera especial a los aliados estrat\u00e9gicos de esta iniciativa. Para m\u00ed es supremamente importante esta medici\u00f3n que se hace de la realidad cartagenera. No podemos ser ajenos a los datos que muestran en este estudio y todas estas cifras nos exigen articulaci\u00f3n sin pretensiones y sin intereses\u201d, sostuvo Wong Baldiris.<\/p>\n<p><strong>Para resaltar<\/strong><\/p>\n<p>Aunque en el informe las cifras no son tan positivas, se destaca el aumento en las coberturas en aseguramiento en salud, donde por cada cinco personas que aportan al R\u00e9gimen Contributivo en ciudades como Bogot\u00e1 hay una persona, en Cartagena la proporci\u00f3n es uno a uno.<\/p>\n<p>Tambi\u00e9n se resalta es la estrategia del Asignador. En 2012 hab\u00eda m\u00e1s de 69 mil personas pobres por asegurar que no hac\u00edan parte de ning\u00fan r\u00e9gimen y gracias a la estrategia de tenci\u00f3n y Asignaci\u00f3n esta cifra logr\u00f3 bajar a 15 mil.<\/p>\n<p>El programa Cartagena C\u00f3mo Vamos hizo un reconocimiento a la ciudad por el excelente trabajo que se desarrolla para contrarrestar la infecci\u00f3n respiratoria aguda, que hist\u00f3ricamente estaba por encima de la media nacional. La medici\u00f3n en esta tasa baj\u00f3 en 2017 de 26 por ciento a 13,5, lo que equivale a solo\u00a0 11 muertes.<\/p>\n<p><strong>Reacciones<\/strong><\/p>\n<p>Mar\u00eda Claudia P\u00e1ez Mallarino, presidenta ejecutiva de la C\u00e1mara de Comercio de Cartagena, encargada de las palabras de apertura de la entrega del informe, dijo que este proceso, que lleva 13 a\u00f1os de esfuerzos que no han sido f\u00e1ciles, pero se cuenta con una trazabilidad que es muy importante. \u201cAqu\u00ed lo importantes es seguir adelante, seguir construyendo\u201d.<\/p>\n<p>Este proyecto del que hacen parte varias entidades e instituciones de la sociedad civil para hacer un seguimiento riguroso a la calidad de vida de los cartageneros, \u201ca trav\u00e9s de instrumentos t\u00e9cnicos, que permiten determinar qu\u00e9 avances se tienen en cada uno de los factores que afectan nuestro bienestar desde los indicadores de seguimiento y desde la percepci\u00f3n\u201d, explic\u00f3.<\/p>\n<p>P\u00e1ez Mallarino destac\u00f3 que este informe presenta retos, rezagos y oportunidades de ciudad en materia de calidad de vida. \u201cLos resultados evidencian que la ciudad ha retrocedido en acceso a la informaci\u00f3n debido a la falta de datos y poca fiabilidad de algunos indicadores, por lo que se requiere trabajar por el fortalecimiento de la institucionalidad p\u00fablica y poner en marcha estrategias contundentes para mejorar los indicadores que dan cuenta del nivel de calidad de vida de los cartageneros.<\/p>\n<p>Destac\u00f3 los resultados en seguridad que se han visto en el \u00faltimo mes, producto de la labor de la Alcaldesa y de varios meses y a\u00f1os de trabajo.<\/p>\n","protected":false},"excerpt":{"rendered":"<p>Al t\u00e9rmino de la entrega del Informe de Calidad de Vida de los cartageneros en 2017, por parte del programa Cartagena C\u00f3mo Vamos, la alcaldesa encargada de la ciudad, Yolanda Wong Baldiris, se\u00f1al\u00f3 que estas cifras son una herramienta \u00fatil para que el gobierno tome decisiones acertadas. El informe mostr\u00f3 aspectos de c\u00f3mo est\u00e1 la ciudad en seguridad ciudadana, educaci\u00f3n, salud, vivienda y servicios p\u00fablicos, as\u00ed como medio ambiente, movilidad urbana, infraestructura y espacio p\u00fablico, entre otros aspectos. Al escuchar detalladamente cada dato del informe, la Alcaldesa expres\u00f3 que los&#8230; <\/p>\n","protected":false},"author":3,"featured_media":27187,"comment_status":"open","ping_status":"closed","sticky":false,"template":"","format":"standard","meta":{"footnotes":"","_links_to":"","_links_to_target":""},"categories":[75,32],"tags":[],"class_list":["post-27186","post","type-post","status-publish","format-standard","has-post-thumbnail","hentry","category-destacada","category-actualidad-distrito"],"_links":{"self":[{"href":"https:\/\/revistazetta.com\/index.php?rest_route=\/wp\/v2\/posts\/27186","targetHints":{"allow":["GET"]}}],"collection":[{"href":"https:\/\/revistazetta.com\/index.php?rest_route=\/wp\/v2\/posts"}],"about":[{"href":"https:\/\/revistazetta.com\/index.php?rest_route=\/wp\/v2\/types\/post"}],"author":[{"embeddable":true,"href":"https:\/\/revistazetta.com\/index.php?rest_route=\/wp\/v2\/users\/3"}],"replies":[{"embeddable":true,"href":"https:\/\/revistazetta.com\/index.php?rest_route=%2Fwp%2Fv2%2Fcomments&post=27186"}],"version-history":[{"count":0,"href":"https:\/\/revistazetta.com\/index.php?rest_route=\/wp\/v2\/posts\/27186\/revisions"}],"wp:featuredmedia":[{"embeddable":true,"href":"https:\/\/revistazetta.com\/index.php?rest_route=\/wp\/v2\/media\/27187"}],"wp:attachment":[{"href":"https:\/\/revistazetta.com\/index.php?rest_route=%2Fwp%2Fv2%2Fmedia&parent=27186"}],"wp:term":[{"taxonomy":"category","embeddable":true,"href":"https:\/\/revistazetta.com\/index.php?rest_route=%2Fwp%2Fv2%2Fcategories&post=27186"},{"taxonomy":"post_tag","embeddable":true,"href":"https:\/\/revistazetta.com\/index.php?rest_route=%2Fwp%2Fv2%2Ftags&post=27186"}],"curies":[{"name":"wp","href":"https:\/\/api.w.org\/{rel}","templated":true}]}}