{"id":27242,"date":"2018-08-16T23:03:17","date_gmt":"2018-08-17T04:03:17","guid":{"rendered":"http:\/\/www.revistazetta.com\/?p=27242"},"modified":"2018-08-16T23:03:17","modified_gmt":"2018-08-17T04:03:17","slug":"nuevo-gobierno-encuentra-empatia-grandes-empresarios","status":"publish","type":"post","link":"https:\/\/revistazetta.com\/?p=27242","title":{"rendered":"Nuevo Gobierno encuentra empat\u00eda en grandes empresarios"},"content":{"rendered":"<p>Con un registro de asistencia r\u00e9cord, el 3.<sup>er<\/sup>Congreso Empresarial Colombiano (CEC) y 74.<sup>a<\/sup>Asamblea Nacional de la ANDI fue instalado por Gustavo Adolfo Carvajal, Presidente de la Junta Direcci\u00f3n General de la ANDI; Alberto Carrasquilla, Ministro de Hacienda y Cr\u00e9dito P\u00fablico, y Bruce Mac Master, Presidente de la ANDI.<\/p>\n<p>Haciendo alusi\u00f3n al lema de esta versi\u00f3n del CEC, Carvajal se refiri\u00f3 a lo importante que es contar con un escenario para compartir perspectivas y visiones para la Colombia de los pr\u00f3ximos a\u00f1os donde la empresa definitivamente es un pilar de la actividad econ\u00f3mica y del impulso del desarrollo social. \u201cLa cooperaci\u00f3n entre las empresas y los Gobiernos dinamiza el tejido empresarial\u201d, coment\u00f3 el empresario.<\/p>\n<p>Bruce Mac Master present\u00f3 el resultado del crecimiento del \u00cdndice de Velocidad de Desarrollo entre 1990 y 2018, que tiene en cuenta las cifras correspondientes al PIB, exportaciones e importaciones de varios pa\u00edses.<\/p>\n<p>El Presidente de la ANDI tambi\u00e9n se refiri\u00f3 a los desaf\u00edos que tiene el pa\u00eds en materia econ\u00f3mica y las propuestas de choque para la reactivaci\u00f3n econ\u00f3mica. As\u00ed mismo, mostr\u00f3 casos como los de Singapur o Costa Rica, que han llevado a cabo estrategias relacionadas con inversi\u00f3n en tecnolog\u00eda y educaci\u00f3n susceptibles de ser incorporadas.<\/p>\n<p><img loading=\"lazy\" decoding=\"async\" class=\"alignright wp-image-27244 size-large\" src=\"https:\/\/www.revistazetta.com\/wp-content\/uploads\/2018\/08\/Andi-fotos-1024x1024.jpg\" alt=\"\" width=\"1024\" height=\"1024\" srcset=\"https:\/\/revistazetta.com\/wp-content\/uploads\/2018\/08\/Andi-fotos-1024x1024.jpg 1024w, https:\/\/revistazetta.com\/wp-content\/uploads\/2018\/08\/Andi-fotos-150x150.jpg 150w, https:\/\/revistazetta.com\/wp-content\/uploads\/2018\/08\/Andi-fotos-300x300.jpg 300w, https:\/\/revistazetta.com\/wp-content\/uploads\/2018\/08\/Andi-fotos-146x146.jpg 146w, https:\/\/revistazetta.com\/wp-content\/uploads\/2018\/08\/Andi-fotos-50x50.jpg 50w, https:\/\/revistazetta.com\/wp-content\/uploads\/2018\/08\/Andi-fotos-75x75.jpg 75w, https:\/\/revistazetta.com\/wp-content\/uploads\/2018\/08\/Andi-fotos-85x85.jpg 85w, https:\/\/revistazetta.com\/wp-content\/uploads\/2018\/08\/Andi-fotos-80x80.jpg 80w, https:\/\/revistazetta.com\/wp-content\/uploads\/2018\/08\/Andi-fotos.jpg 1599w\" sizes=\"auto, (max-width: 1024px) 100vw, 1024px\" \/><\/p>\n<p>Por su parte, Alberto Carrasquilla present\u00f3 las estrategias del nuevo Gobierno en materia econ\u00f3mica. Se refiri\u00f3 a las estrategias que desde su cartera se implementar\u00e1n y que se enfocar\u00e1n en legalidad, emprendimiento y equidad, con el objetivo de alcanzar la sostenibilidad fiscal del pa\u00eds. \u201cSe sumar\u00e1 pronto un plan de reactivaci\u00f3n econ\u00f3mica para garantizar la sostenibilidad fiscal y el crecimiento\u201d, concluy\u00f3 el Ministro.<\/p>\n<p>En esta primera jornada del CEC hubo espacio para el an\u00e1lisis de la econom\u00eda tanto en el contexto nacional como en el internacional, por medio de dos paneles moderados por Luis Carlos V\u00e9lez, en los que se abordaron temas como los tratados de libre comercio, la detenci\u00f3n del tr\u00e1fico de drogas y la necesidad de fortalecer el rol exportador del pa\u00eds. Mryon Brilliant, Vicepresidente Ejecutivo y Jefe de Asuntos Internacionales de la US Chamber of Commerce, y la Baronesa Rona Fairhead, Comendadora de la Orden del Imperio Brit\u00e1nico y Ministra de Estado de Comercio y Promoci\u00f3n de Exportaciones del Departamento de Comercio Exterior, estuvieron de acuerdo en se\u00f1alar la solidez de la relaci\u00f3n comercial de sus pa\u00edses con Colombia.<\/p>\n<p>El cierre de este bloque estuvo a cargo de la Vicepresidente de la Rep\u00fablica, Marta Luc\u00eda Ram\u00edrez, quien se refiri\u00f3 a su visi\u00f3n de un pacto por Colombia a largo plazo, fundamentado en cinco pilares:\u00a0 la integridad, el respeto al otro, el desarrollo econ\u00f3mico, la infraestructura f\u00edsica y el fortalecimiento institucional.<\/p>\n<p>Tambi\u00e9n destac\u00f3, entre otros temas, los esfuerzos del Gobierno para promover la innovaci\u00f3n, el papel de las mujeres como motor del crecimiento, luchar contra la corrupci\u00f3n y la construcci\u00f3n de una nueva de ruta de desarrollo a prop\u00f3sito de la conmemoraci\u00f3n del Bicentenario.<\/p>\n<p>Bruce Mac Master aprovech\u00f3 la presencia de la Vicepresidente para llamar al escenario al saliente Contralor Edgardo Maya, y hacer entrega de un estudio titulado <em>Marco jur\u00eddico para el redise\u00f1o del sistema fiscal<\/em>. Felicit\u00f3 a Maya y recalc\u00f3 la necesidad de revisar el funcionamiento actual de las contralor\u00edas en el pa\u00eds, para hacer una gesti\u00f3n efectiva ante la corrupci\u00f3n.<\/p>\n","protected":false},"excerpt":{"rendered":"<p>Con un registro de asistencia r\u00e9cord, el 3.erCongreso Empresarial Colombiano (CEC) y 74.aAsamblea Nacional de la ANDI fue instalado por Gustavo Adolfo Carvajal, Presidente de la Junta Direcci\u00f3n General de la ANDI; Alberto Carrasquilla, Ministro de Hacienda y Cr\u00e9dito P\u00fablico, y Bruce Mac Master, Presidente de la ANDI. Haciendo alusi\u00f3n al lema de esta versi\u00f3n del CEC, Carvajal se refiri\u00f3 a lo importante que es contar con un escenario para compartir perspectivas y visiones para la Colombia de los pr\u00f3ximos a\u00f1os donde la empresa definitivamente es un pilar de la&#8230; <\/p>\n","protected":false},"author":3,"featured_media":27243,"comment_status":"open","ping_status":"closed","sticky":false,"template":"","format":"standard","meta":{"footnotes":"","_links_to":"","_links_to_target":""},"categories":[2,75,35],"tags":[],"class_list":["post-27242","post","type-post","status-publish","format-standard","has-post-thumbnail","hentry","category-actualidad","category-destacada","category-actualidad-nacion"],"_links":{"self":[{"href":"https:\/\/revistazetta.com\/index.php?rest_route=\/wp\/v2\/posts\/27242","targetHints":{"allow":["GET"]}}],"collection":[{"href":"https:\/\/revistazetta.com\/index.php?rest_route=\/wp\/v2\/posts"}],"about":[{"href":"https:\/\/revistazetta.com\/index.php?rest_route=\/wp\/v2\/types\/post"}],"author":[{"embeddable":true,"href":"https:\/\/revistazetta.com\/index.php?rest_route=\/wp\/v2\/users\/3"}],"replies":[{"embeddable":true,"href":"https:\/\/revistazetta.com\/index.php?rest_route=%2Fwp%2Fv2%2Fcomments&post=27242"}],"version-history":[{"count":0,"href":"https:\/\/revistazetta.com\/index.php?rest_route=\/wp\/v2\/posts\/27242\/revisions"}],"wp:featuredmedia":[{"embeddable":true,"href":"https:\/\/revistazetta.com\/index.php?rest_route=\/wp\/v2\/media\/27243"}],"wp:attachment":[{"href":"https:\/\/revistazetta.com\/index.php?rest_route=%2Fwp%2Fv2%2Fmedia&parent=27242"}],"wp:term":[{"taxonomy":"category","embeddable":true,"href":"https:\/\/revistazetta.com\/index.php?rest_route=%2Fwp%2Fv2%2Fcategories&post=27242"},{"taxonomy":"post_tag","embeddable":true,"href":"https:\/\/revistazetta.com\/index.php?rest_route=%2Fwp%2Fv2%2Ftags&post=27242"}],"curies":[{"name":"wp","href":"https:\/\/api.w.org\/{rel}","templated":true}]}}