{"id":27377,"date":"2018-09-01T07:21:55","date_gmt":"2018-09-01T12:21:55","guid":{"rendered":"http:\/\/www.revistazetta.com\/?p=27377"},"modified":"2018-09-01T07:21:55","modified_gmt":"2018-09-01T12:21:55","slug":"dia-del-pensionado-se-celebro-toda-lo-alto-comfamiliar","status":"publish","type":"post","link":"https:\/\/revistazetta.com\/?p=27377","title":{"rendered":"D\u00eda del Pensionado se celebr\u00f3 por toda lo alto en Comfamiliar"},"content":{"rendered":"<p>Con la presencia de 700 adultos mayores de Cartagena se celebr\u00f3 el D\u00eda del Pensionado en el centro recreacional Napole\u00f3n Perea Castro, en un evento organizado por el fondo de pensiones Colpensiones, con el apoyo de Comfamiliar Cartagena y Bol\u00edvar.<\/p>\n<p>La celebraci\u00f3n cont\u00f3 un show humor\u00edstico, presentaci\u00f3n de orquesta, muestra de danzas folcl\u00f3ricas y modernas, y rifas. Adem\u00e1s, los participantes recibieron informaci\u00f3n sobre la oferta institucional tanto de Colpensiones como de Comfamiliar que brindan programas en pro del bienestar de los pensionados.<\/p>\n<p>\u201cNos halaga ser parte de esta celebraci\u00f3n con la que se conmemora el \u00a0esfuerzo que hicieron los trabajadores retirados durante toda su vida. En Comfamiliar estamos comprometidos con los adultos mayores y pensionados\u201d, dijo Marcela Castillo Figueroa, directora de Comfamiliar.<\/p>\n<p>Jos\u00e9 David M\u00e1rquez L\u00f3pez, director de la regional Caribe de Colpensiones, se\u00f1al\u00f3 que \u201cquisimos preparar esta celebraci\u00f3n para homenajear a los pensionados y adultos mayores que hoy recogen los frutos que labraron por muchos a\u00f1os por un mejor futuro\u201d.<\/p>\n<p>En otras ciudades del pa\u00eds como Barranquilla Bogot\u00e1, Cali, Bucaramanga, Medell\u00edn e Ibagu\u00e9 tambi\u00e9n se celebr\u00f3 el D\u00eda del Pensionado durante todo el mes de agosto.<\/p>\n","protected":false},"excerpt":{"rendered":"<p>Con la presencia de 700 adultos mayores de Cartagena se celebr\u00f3 el D\u00eda del Pensionado en el centro recreacional Napole\u00f3n Perea Castro, en un evento organizado por el fondo de pensiones Colpensiones, con el apoyo de Comfamiliar Cartagena y Bol\u00edvar. La celebraci\u00f3n cont\u00f3 un show humor\u00edstico, presentaci\u00f3n de orquesta, muestra de danzas folcl\u00f3ricas y modernas, y rifas. Adem\u00e1s, los participantes recibieron informaci\u00f3n sobre la oferta institucional tanto de Colpensiones como de Comfamiliar que brindan programas en pro del bienestar de los pensionados. \u201cNos halaga ser parte de esta celebraci\u00f3n con&#8230; <\/p>\n","protected":false},"author":3,"featured_media":27378,"comment_status":"open","ping_status":"closed","sticky":false,"template":"","format":"standard","meta":{"footnotes":"","_links_to":"","_links_to_target":""},"categories":[3,75,50],"tags":[],"class_list":["post-27377","post","type-post","status-publish","format-standard","has-post-thumbnail","hentry","category-ciudad","category-destacada","category-empresa"],"_links":{"self":[{"href":"https:\/\/revistazetta.com\/index.php?rest_route=\/wp\/v2\/posts\/27377","targetHints":{"allow":["GET"]}}],"collection":[{"href":"https:\/\/revistazetta.com\/index.php?rest_route=\/wp\/v2\/posts"}],"about":[{"href":"https:\/\/revistazetta.com\/index.php?rest_route=\/wp\/v2\/types\/post"}],"author":[{"embeddable":true,"href":"https:\/\/revistazetta.com\/index.php?rest_route=\/wp\/v2\/users\/3"}],"replies":[{"embeddable":true,"href":"https:\/\/revistazetta.com\/index.php?rest_route=%2Fwp%2Fv2%2Fcomments&post=27377"}],"version-history":[{"count":0,"href":"https:\/\/revistazetta.com\/index.php?rest_route=\/wp\/v2\/posts\/27377\/revisions"}],"wp:featuredmedia":[{"embeddable":true,"href":"https:\/\/revistazetta.com\/index.php?rest_route=\/wp\/v2\/media\/27378"}],"wp:attachment":[{"href":"https:\/\/revistazetta.com\/index.php?rest_route=%2Fwp%2Fv2%2Fmedia&parent=27377"}],"wp:term":[{"taxonomy":"category","embeddable":true,"href":"https:\/\/revistazetta.com\/index.php?rest_route=%2Fwp%2Fv2%2Fcategories&post=27377"},{"taxonomy":"post_tag","embeddable":true,"href":"https:\/\/revistazetta.com\/index.php?rest_route=%2Fwp%2Fv2%2Ftags&post=27377"}],"curies":[{"name":"wp","href":"https:\/\/api.w.org\/{rel}","templated":true}]}}