{"id":27379,"date":"2018-09-01T07:26:37","date_gmt":"2018-09-01T12:26:37","guid":{"rendered":"http:\/\/www.revistazetta.com\/?p=27379"},"modified":"2018-09-01T07:26:37","modified_gmt":"2018-09-01T12:26:37","slug":"este-domingo-segundo-mercado-campesino-arjona-comprar-bueno-barato","status":"publish","type":"post","link":"https:\/\/revistazetta.com\/?p=27379","title":{"rendered":"Este domingo es el Segundo Mercado Campesino de Arjona: a comprar bueno y barato"},"content":{"rendered":"<div dir=\"auto\">Este domingo 2 de septiembre de 2018 en la Plaza Principal de Arjona, se realizar\u00e1 el segundo Mercado Campesino, Feria Artesanal, Gastron\u00f3mica y Cultural, donde peque\u00f1os productores, artesanos y cocineros del casco urbano y corregimientos tendr\u00e1n la oportunidad de visibilizar y comercializar los productos cultivados y elaborados por ellos mismos.<\/div>\n<div dir=\"auto\"><\/div>\n<div dir=\"auto\">Los productos a los que podr\u00e1n acceder propios y a visitantes van desde\u00a0 frutas, verduras, hortalizas, pescados, artesan\u00edas, productos procesados, entro otros.<\/div>\n<div dir=\"auto\"><\/div>\n<div dir=\"auto\">La alcaldesa de Arjona, Esther Mar\u00eda Jalilie Garc\u00eda, manifest\u00f3 que el objetivo de esta actividad es brindar espacios de fortalecimiento a los campesinos, productores y artesanos del municipio. Generarles opciones de comercializaci\u00f3n y por ende de generaci\u00f3n de ingresos. De igual forma para que no solo arjoneros, sino tambi\u00e9n visitantes puedan acceder a productos frescos y a buen precio.<\/div>\n<div dir=\"auto\"><\/div>\n<div dir=\"auto\">Los Mercados Campesinos se estar\u00e1n realizando el primer domingo de cada mes, con los productos que se cultivan y elaboran por la poblaci\u00f3n arjonera, adem\u00e1s contar\u00e1 con presentaciones culturales.<\/div>\n","protected":false},"excerpt":{"rendered":"<p>Este domingo 2 de septiembre de 2018 en la Plaza Principal de Arjona, se realizar\u00e1 el segundo Mercado Campesino, Feria Artesanal, Gastron\u00f3mica y Cultural, donde peque\u00f1os productores, artesanos y cocineros del casco urbano y corregimientos tendr\u00e1n la oportunidad de visibilizar y comercializar los productos cultivados y elaborados por ellos mismos. Los productos a los que podr\u00e1n acceder propios y a visitantes van desde\u00a0 frutas, verduras, hortalizas, pescados, artesan\u00edas, productos procesados, entro otros. La alcaldesa de Arjona, Esther Mar\u00eda Jalilie Garc\u00eda, manifest\u00f3 que el objetivo de esta actividad es brindar espacios&#8230; <\/p>\n","protected":false},"author":3,"featured_media":27380,"comment_status":"open","ping_status":"closed","sticky":false,"template":"","format":"standard","meta":{"footnotes":"","_links_to":"","_links_to_target":""},"categories":[80,83],"tags":[],"class_list":["post-27379","post","type-post","status-publish","format-standard","has-post-thumbnail","hentry","category-region","category-municipios"],"_links":{"self":[{"href":"https:\/\/revistazetta.com\/index.php?rest_route=\/wp\/v2\/posts\/27379","targetHints":{"allow":["GET"]}}],"collection":[{"href":"https:\/\/revistazetta.com\/index.php?rest_route=\/wp\/v2\/posts"}],"about":[{"href":"https:\/\/revistazetta.com\/index.php?rest_route=\/wp\/v2\/types\/post"}],"author":[{"embeddable":true,"href":"https:\/\/revistazetta.com\/index.php?rest_route=\/wp\/v2\/users\/3"}],"replies":[{"embeddable":true,"href":"https:\/\/revistazetta.com\/index.php?rest_route=%2Fwp%2Fv2%2Fcomments&post=27379"}],"version-history":[{"count":0,"href":"https:\/\/revistazetta.com\/index.php?rest_route=\/wp\/v2\/posts\/27379\/revisions"}],"wp:featuredmedia":[{"embeddable":true,"href":"https:\/\/revistazetta.com\/index.php?rest_route=\/wp\/v2\/media\/27380"}],"wp:attachment":[{"href":"https:\/\/revistazetta.com\/index.php?rest_route=%2Fwp%2Fv2%2Fmedia&parent=27379"}],"wp:term":[{"taxonomy":"category","embeddable":true,"href":"https:\/\/revistazetta.com\/index.php?rest_route=%2Fwp%2Fv2%2Fcategories&post=27379"},{"taxonomy":"post_tag","embeddable":true,"href":"https:\/\/revistazetta.com\/index.php?rest_route=%2Fwp%2Fv2%2Ftags&post=27379"}],"curies":[{"name":"wp","href":"https:\/\/api.w.org\/{rel}","templated":true}]}}