{"id":27382,"date":"2018-09-01T07:38:03","date_gmt":"2018-09-01T12:38:03","guid":{"rendered":"http:\/\/www.revistazetta.com\/?p=27382"},"modified":"2018-09-01T07:38:03","modified_gmt":"2018-09-01T12:38:03","slug":"policia-se-compromete-seguridad-ciclistas-zona-norte-subida-turbaco","status":"publish","type":"post","link":"https:\/\/revistazetta.com\/?p=27382","title":{"rendered":"Polic\u00eda se compromete con seguridad a ciclistas de zona Norte y subida a Turbaco"},"content":{"rendered":"<p>El Distrito defini\u00f3 una hoja de ruta para brindar seguridad a los ciclistas recreativos que\u00a0practican este deporte en las madrugadas y noches por la Zona Norte y la subida a Turbaco.<\/p>\n<p>En un consejo de seguridad que cont\u00f3 con la presencia de la alcaldesa encargada, Yolanda Wong Baldiris;\u00a0Polic\u00eda, Armada Nacional, Migraci\u00f3n Colombia,\u00a0 Datt, Distriseguridad, y un grupo de biciusuarios, se acord\u00f3 garantizar su seguridad mientras est\u00e9n en su actividad deportiva.<\/p>\n<p>La Polic\u00eda, a trav\u00e9s del subcomandante de la Metropolitana de Cartagena, coronel Boris Albor, se comprometi\u00f3 en estar vigilantes de estos deportistas en sus recorridos.<\/p>\n<p>El Datt realizar\u00e1 acompa\u00f1amiento a trav\u00e9s de la Oficina de Educaci\u00f3n Vial para que en sus recorridos no tengan inconvenientes de movilidad y seguridad en sus recorridos.<\/p>\n<p>El subdirector operativo del Tr\u00e1nsito Distrital, Carlos Vergara, explic\u00f3 que en marzo se present\u00f3 un proyecto en fase 3 a Findeter para una ciclorruta entre el hotel Caribe hasta la zona norte.<\/p>\n<p>\u00abCon esto le vamos a decir a la ciudad que los ciclistas en Cartagena existen y que esta es la forma y manera de moverse en el futuro\u201d, expres\u00f3.<\/p>\n<p>Como prueba piloto\u00a0y con el respaldo de\u00a0la Alcaldesa hay un piloto de ciclov\u00eda desde el\u00a0CAI de Crespo hasta la Calle 70 de Crespo.<\/p>\n<p>Los ciclistas se mostraron complacidos con la atenci\u00f3n del Distrito a sus inquietudes, sobre todo porque es la primera vez que el Distrito los escucha.<\/p>\n<p>\u00abNos vamos muy contentos, muy emocionados, porque hemos logrado que una administraci\u00f3n nos convoque a un consejo de seguridad para tratar temas relacionados con la seguridad en la v\u00eda, con la tranquilidad de los biciusuarios que somos unos 3.500 que nos movilizamos tanto en la zona norte como. En la zona sur\u00bb, dijo Jorge Blel, ciclista.<\/p>\n<p>Tambi\u00e9n destac\u00f3 el hecho que por primera vez son escuchados. \u00abLa alcaldesa est\u00e1 comprometida con todos los actores involucrados y esto se ver\u00e1 reflejado en la seguridad nuestra\u00bb, sostuvo.<\/p>\n<p>Los beneficios de manejar bicicleta no los describe \u00d3scar Correa, l\u00edder de biciusuarios, que salen los martes y jueves en la noche. \u00abLa salud y el medio ambiente ganan, esto es incre\u00edble, qui\u00e9n lo vive es quien lo goza. Compren su bicicleta, en una peque\u00f1a inversi\u00f3n\u00a0una sola vez y salgan con nosotros que ahora tenemos acompa\u00f1amiento de las autoridades y la administraci\u00f3n local\u00bb, puntualiz\u00f3.<\/p>\n<p>En cuanto a la iluminaci\u00f3n de un tramo de la zona norte se har\u00e1n gestiones con las concesiones encargadas de la v\u00eda para que se busquen alternativas de soluci\u00f3n. Igual gesti\u00f3n se har\u00e1 con el espacio solicitado para ciclorutas en esa v\u00eda.<\/p>\n","protected":false},"excerpt":{"rendered":"<p>El Distrito defini\u00f3 una hoja de ruta para brindar seguridad a los ciclistas recreativos que\u00a0practican este deporte en las madrugadas y noches por la Zona Norte y la subida a Turbaco. En un consejo de seguridad que cont\u00f3 con la presencia de la alcaldesa encargada, Yolanda Wong Baldiris;\u00a0Polic\u00eda, Armada Nacional, Migraci\u00f3n Colombia,\u00a0 Datt, Distriseguridad, y un grupo de biciusuarios, se acord\u00f3 garantizar su seguridad mientras est\u00e9n en su actividad deportiva. La Polic\u00eda, a trav\u00e9s del subcomandante de la Metropolitana de Cartagena, coronel Boris Albor, se comprometi\u00f3 en estar vigilantes de&#8230; <\/p>\n","protected":false},"author":3,"featured_media":27383,"comment_status":"open","ping_status":"closed","sticky":false,"template":"","format":"standard","meta":{"footnotes":"","_links_to":"","_links_to_target":""},"categories":[75,32,88],"tags":[],"class_list":["post-27382","post","type-post","status-publish","format-standard","has-post-thumbnail","hentry","category-destacada","category-actualidad-distrito","category-seguridad"],"_links":{"self":[{"href":"https:\/\/revistazetta.com\/index.php?rest_route=\/wp\/v2\/posts\/27382","targetHints":{"allow":["GET"]}}],"collection":[{"href":"https:\/\/revistazetta.com\/index.php?rest_route=\/wp\/v2\/posts"}],"about":[{"href":"https:\/\/revistazetta.com\/index.php?rest_route=\/wp\/v2\/types\/post"}],"author":[{"embeddable":true,"href":"https:\/\/revistazetta.com\/index.php?rest_route=\/wp\/v2\/users\/3"}],"replies":[{"embeddable":true,"href":"https:\/\/revistazetta.com\/index.php?rest_route=%2Fwp%2Fv2%2Fcomments&post=27382"}],"version-history":[{"count":0,"href":"https:\/\/revistazetta.com\/index.php?rest_route=\/wp\/v2\/posts\/27382\/revisions"}],"wp:featuredmedia":[{"embeddable":true,"href":"https:\/\/revistazetta.com\/index.php?rest_route=\/wp\/v2\/media\/27383"}],"wp:attachment":[{"href":"https:\/\/revistazetta.com\/index.php?rest_route=%2Fwp%2Fv2%2Fmedia&parent=27382"}],"wp:term":[{"taxonomy":"category","embeddable":true,"href":"https:\/\/revistazetta.com\/index.php?rest_route=%2Fwp%2Fv2%2Fcategories&post=27382"},{"taxonomy":"post_tag","embeddable":true,"href":"https:\/\/revistazetta.com\/index.php?rest_route=%2Fwp%2Fv2%2Ftags&post=27382"}],"curies":[{"name":"wp","href":"https:\/\/api.w.org\/{rel}","templated":true}]}}