{"id":27384,"date":"2018-09-01T07:39:31","date_gmt":"2018-09-01T12:39:31","guid":{"rendered":"http:\/\/www.revistazetta.com\/?p=27384"},"modified":"2018-09-01T07:39:31","modified_gmt":"2018-09-01T12:39:31","slug":"estudio-dira-sistema-electrico-actual-la-ie-ternera-soporta-una-dotacion-aire-acondicionado","status":"publish","type":"post","link":"https:\/\/revistazetta.com\/?p=27384","title":{"rendered":"Un estudio dir\u00e1 si sistema el\u00e9ctrico actual de la IE Ternera soporta una dotaci\u00f3n de aire acondicionado"},"content":{"rendered":"<p>Un ingeniero el\u00e9ctrico adscrito a la Direcci\u00f3n de Infraestructura de la Secretar\u00eda de Educaci\u00f3n Distrital hizo una visita t\u00e9cnica esta semana en la IE Ternera, con el fin de evaluar la capacidad del sistema el\u00e9ctrico del inmueble y establecer si es suficiente para soportar una dotaci\u00f3n de aire acondicionado, o si se debe efectuar una adecuaci\u00f3n que aporte una soluci\u00f3n de mayor envergadura.<\/p>\n<p>Este estudio est\u00e1 en su fase final y se espera que la pr\u00f3xima semana sea recibido, y as\u00ed tomar una decisi\u00f3n de fondo frente a la situaci\u00f3n que presenta esa instituci\u00f3n, donde el estudiantado debe soportar altas temperaturas y el inmueble no ofrece condiciones relativas de frescura ambiental que permitan amainar las condiciones en que se reciben las clases.<\/p>\n<p>Claudia Almeida Castillo, secretaria de Educaci\u00f3n Distrital, expres\u00f3 que esta situaci\u00f3n est\u00e1 en las prioridades del segundo semestre de 2018, y que se debe actuar con apego a las recomendaciones t\u00e9cnicas que para estos casos establece el Ministerio de Educaci\u00f3n. \u201cLo importante es ofrecer una respuesta pronta, y las situaciones del pasado nos deben servir para no repetir errores que nos cuestan mucho\u201d, indic\u00f3 la funcionaria.<\/p>\n<p>La Secretaria de Educaci\u00f3n, quien se encuentra tambi\u00e9n apoyando a los docentes del Distrito en su representaci\u00f3n deportiva en Mompox, se\u00f1al\u00f3 que los retos del sector educativo son complejos y que entre todos estamos construyendo la soluci\u00f3n.<\/p>\n<p>La funcionaria asiste al Encuentro Folcl\u00f3rico y Cultural del Magisterio, donde tenemos una delegaci\u00f3n clasificada con toda la disposici\u00f3n de ganar los Juegos Deportivos y Culturales que hace parte tambi\u00e9n de los Acuerdos Sindicales, donde Sudeb exige que se cumplan y garanticen<\/p>\n<p>Entre tanto, Almeida Castillo imparti\u00f3 precisas instrucciones al ingeniero Guillermo Pe\u00f1a, director de Infraestructura de la SED, para que le brinde todo el soporte al estudio t\u00e9cnico el\u00e9ctrico, y que se instrumente una soluci\u00f3n definitiva que permita establecer el tipo de aire<\/p>\n<p>&nbsp;<\/p>\n<p>&nbsp;<\/p>\n<p>acondicionado m\u00e1s recomendable para la IE de Ternera, la capacidad de sus instalaciones el\u00e9ctricas y el presupuesto necesario para su instalaci\u00f3n.<\/p>\n<p>Tanto la visita t\u00e9cnica como el avance del proceso de soluci\u00f3n ha sido puesto en conocimiento del rector y la comunidad educativa de Ternera, de modo que est\u00e9n enterados de cada uno de los pasos que avanzan para concretar una soluci\u00f3n.<\/p>\n","protected":false},"excerpt":{"rendered":"<p>Un ingeniero el\u00e9ctrico adscrito a la Direcci\u00f3n de Infraestructura de la Secretar\u00eda de Educaci\u00f3n Distrital hizo una visita t\u00e9cnica esta semana en la IE Ternera, con el fin de evaluar la capacidad del sistema el\u00e9ctrico del inmueble y establecer si es suficiente para soportar una dotaci\u00f3n de aire acondicionado, o si se debe efectuar una adecuaci\u00f3n que aporte una soluci\u00f3n de mayor envergadura. Este estudio est\u00e1 en su fase final y se espera que la pr\u00f3xima semana sea recibido, y as\u00ed tomar una decisi\u00f3n de fondo frente a la situaci\u00f3n&#8230; <\/p>\n","protected":false},"author":3,"featured_media":0,"comment_status":"open","ping_status":"closed","sticky":false,"template":"","format":"standard","meta":{"footnotes":"","_links_to":"","_links_to_target":""},"categories":[32,86],"tags":[],"class_list":["post-27384","post","type-post","status-publish","format-standard","hentry","category-actualidad-distrito","category-comunidad"],"_links":{"self":[{"href":"https:\/\/revistazetta.com\/index.php?rest_route=\/wp\/v2\/posts\/27384","targetHints":{"allow":["GET"]}}],"collection":[{"href":"https:\/\/revistazetta.com\/index.php?rest_route=\/wp\/v2\/posts"}],"about":[{"href":"https:\/\/revistazetta.com\/index.php?rest_route=\/wp\/v2\/types\/post"}],"author":[{"embeddable":true,"href":"https:\/\/revistazetta.com\/index.php?rest_route=\/wp\/v2\/users\/3"}],"replies":[{"embeddable":true,"href":"https:\/\/revistazetta.com\/index.php?rest_route=%2Fwp%2Fv2%2Fcomments&post=27384"}],"version-history":[{"count":0,"href":"https:\/\/revistazetta.com\/index.php?rest_route=\/wp\/v2\/posts\/27384\/revisions"}],"wp:attachment":[{"href":"https:\/\/revistazetta.com\/index.php?rest_route=%2Fwp%2Fv2%2Fmedia&parent=27384"}],"wp:term":[{"taxonomy":"category","embeddable":true,"href":"https:\/\/revistazetta.com\/index.php?rest_route=%2Fwp%2Fv2%2Fcategories&post=27384"},{"taxonomy":"post_tag","embeddable":true,"href":"https:\/\/revistazetta.com\/index.php?rest_route=%2Fwp%2Fv2%2Ftags&post=27384"}],"curies":[{"name":"wp","href":"https:\/\/api.w.org\/{rel}","templated":true}]}}