{"id":27525,"date":"2018-09-19T00:59:27","date_gmt":"2018-09-19T05:59:27","guid":{"rendered":"http:\/\/www.revistazetta.com\/?p=27525"},"modified":"2018-09-19T00:59:27","modified_gmt":"2018-09-19T05:59:27","slug":"pastrana-derrotado-ardido-la-emprende-mentiras-pedrito","status":"publish","type":"post","link":"https:\/\/revistazetta.com\/?p=27525","title":{"rendered":"Pastrana, derrotado y ardido, la emprende a mentiras contra Pedrito"},"content":{"rendered":"<p>No fue \u201cel que diga Pastrana\u201d y el vetusto expresidente la emprendi\u00f3 a mentiras contra Pedrito Pereira Caballero, el nuevo alcalde de Cartagena.<\/p>\n<p>El exmandatario la reclam\u00f3 al presidente Iv\u00e1n Duque por la designaci\u00f3n de Pereira Caballero y conceptu\u00f3 que era una \u201cmala se\u00f1al\u2026 escoger a una persona que est\u00e1 siendo investigada por la Corte Suprema de Justicia\u201d.<\/p>\n<p>La afirmaci\u00f3n es falaz por cuanto en la CSJ no hay en este momento ninguna investigaci\u00f3n en firme contra Pereira Caballero por sus conductas cuando se desempe\u00f1\u00f3 como representante a la C\u00e1mara. Hubo cinco procesos, dos de ellos con auto inhibitorio, otro con rechazo de la denuncia, y dos mas apenas en investigaci\u00f3n previa.<\/p>\n<p>Al respecto, el dirigente Jorge Benedetti le contest\u00f3 categ\u00f3ricamente a Pastrana, con el siguiente trino:<\/p>\n<p>\u201cNo desinforme @AndresPastrana_. @PEDRITOPEREIRA1\u00a0no tiene ninguna investigaci\u00f3n formal, y no confunda investigaciones con procesos. Yo le pregunto: \u00bfcu\u00e1ntas investigaciones tiene usted en la Comisi\u00f3n de Acusaciones? \u00bfLo hace culpable? \u00bfEs un impedimento \u00e9tico para participar en pol\u00edtica?<\/p>\n<p>No se sabe cu\u00e1l era el inter\u00e9s del expresidente Andr\u00e9s Pastrana en imponer a una persona de sus preferencias, m\u00e1xime cuando no reside en Cartagena ni tiene mayor influencia pol\u00edtica en la regi\u00f3n, salvo por los afectos que aun conserve de su ya lejano paso por la Presidencia de la Rep\u00fablica.<\/p>\n","protected":false},"excerpt":{"rendered":"<p>No fue \u201cel que diga Pastrana\u201d y el vetusto expresidente la emprendi\u00f3 a mentiras contra Pedrito Pereira Caballero, el nuevo alcalde de Cartagena. El exmandatario la reclam\u00f3 al presidente Iv\u00e1n Duque por la designaci\u00f3n de Pereira Caballero y conceptu\u00f3 que era una \u201cmala se\u00f1al\u2026 escoger a una persona que est\u00e1 siendo investigada por la Corte Suprema de Justicia\u201d. La afirmaci\u00f3n es falaz por cuanto en la CSJ no hay en este momento ninguna investigaci\u00f3n en firme contra Pereira Caballero por sus conductas cuando se desempe\u00f1\u00f3 como representante a la C\u00e1mara&#8230;. <\/p>\n","protected":false},"author":3,"featured_media":27526,"comment_status":"open","ping_status":"closed","sticky":false,"template":"","format":"standard","meta":{"footnotes":"","_links_to":"","_links_to_target":""},"categories":[75,4],"tags":[],"class_list":["post-27525","post","type-post","status-publish","format-standard","has-post-thumbnail","hentry","category-destacada","category-politica"],"_links":{"self":[{"href":"https:\/\/revistazetta.com\/index.php?rest_route=\/wp\/v2\/posts\/27525","targetHints":{"allow":["GET"]}}],"collection":[{"href":"https:\/\/revistazetta.com\/index.php?rest_route=\/wp\/v2\/posts"}],"about":[{"href":"https:\/\/revistazetta.com\/index.php?rest_route=\/wp\/v2\/types\/post"}],"author":[{"embeddable":true,"href":"https:\/\/revistazetta.com\/index.php?rest_route=\/wp\/v2\/users\/3"}],"replies":[{"embeddable":true,"href":"https:\/\/revistazetta.com\/index.php?rest_route=%2Fwp%2Fv2%2Fcomments&post=27525"}],"version-history":[{"count":0,"href":"https:\/\/revistazetta.com\/index.php?rest_route=\/wp\/v2\/posts\/27525\/revisions"}],"wp:featuredmedia":[{"embeddable":true,"href":"https:\/\/revistazetta.com\/index.php?rest_route=\/wp\/v2\/media\/27526"}],"wp:attachment":[{"href":"https:\/\/revistazetta.com\/index.php?rest_route=%2Fwp%2Fv2%2Fmedia&parent=27525"}],"wp:term":[{"taxonomy":"category","embeddable":true,"href":"https:\/\/revistazetta.com\/index.php?rest_route=%2Fwp%2Fv2%2Fcategories&post=27525"},{"taxonomy":"post_tag","embeddable":true,"href":"https:\/\/revistazetta.com\/index.php?rest_route=%2Fwp%2Fv2%2Ftags&post=27525"}],"curies":[{"name":"wp","href":"https:\/\/api.w.org\/{rel}","templated":true}]}}