{"id":27543,"date":"2018-09-19T16:42:18","date_gmt":"2018-09-19T21:42:18","guid":{"rendered":"http:\/\/www.revistazetta.com\/?p=27543"},"modified":"2018-09-19T16:44:22","modified_gmt":"2018-09-19T21:44:22","slug":"nuevo-consejo-directivo-comfamiliar-perfila-competencias","status":"publish","type":"post","link":"https:\/\/revistazetta.com\/?p=27543","title":{"rendered":"Nuevo Consejo Directivo de Comfamiliar perfila competencias"},"content":{"rendered":"<blockquote><p><strong>Miembros del Consejo Directivo de la Caja de Compensaci\u00f3n Familiar de Cartagena y Bol\u00edvar, Comfamiliar, asistieron a jornada de inducci\u00f3n y capacitaci\u00f3n<\/strong><\/p><\/blockquote>\n<p>Los miembros del nuevo Consejo Directivo de la Caja de Compensaci\u00f3n Familiar de Cartagena y Bol\u00edvar, Comfamiliar, asistieron a la Inducci\u00f3n y Capacitaci\u00f3n de las Normas y Aspectos\u00a0 Generales del Sistema de Subsidio Familiar, convocada por la caja.<\/p>\n<p>El encuentro se realiz\u00f3 en el Centro Recreacional Napole\u00f3n Perea desde las 8:30 a. m. del martes 18 de septiembre y cont\u00f3 con las ponencias de varios funcionarios, quienes explicaron generalidades de las normas que rigen a las cajas de compensaci\u00f3n y detalles de la estructura y servicios de Comfamiliar.<\/p>\n<p>\u201cPara nosotros es un placer recibirlos en esta jornada en la que podr\u00e1n conocer la estructura de la Caja entre otros aspectos que se indicar\u00e1n en el orden del d\u00eda, que les permitir\u00e1n tener un mayor contexto para ejercer la labor que emprender\u00e1n\u201d, dijo Marcela Castillo Figueroa, directora de Comfamiliar, durante la apertura de la inducci\u00f3n.<\/p>\n<p>El nuevo Consejo Directivo de Comfamiliar est\u00e1 conformado por 19 miembros, 10 principales y nueve suplentes, debido a que uno de los nombrados renunci\u00f3.<\/p>\n<p>Los diez principales son: Rolando Bechara Castilla, Nassif Abuita Nassar, Gustavo Jauregui Posso, Rafael Navarro Espa\u00f1a y Viviana Blell Cervantes, quienes representan a los empleadores afiliados. Adem\u00e1s, Yusit Chams Mart\u00ednez, C\u00e9sar Banquez Bossa, Pedro Herrera C\u00e9spedes,\u00a0\u00a0Jamides Tapia Angulo y Ana Pico Polo, que representan a los trabajadores.<\/p>\n<p>Son miembros suplentes por parte de los empleadores Juan Chaljub Chaljub, Javier Bajaire Morad, Giovanny Lozano Zagarra y\u00a0 Manuel Malambo Aviles. Por parte de los trabajadores, son suplentes Juan Medina Arrieta, Leide Cueto Hern\u00e1ndez, Jorge Benavidez Cassiani, Hern\u00e1n Romero Espinosa y\u00a0 Jos\u00e9 Estrada Fern\u00e1ndez.<\/p>\n<p>En los pr\u00f3ximos d\u00edas se convocar\u00e1 la instalaci\u00f3n formal del nuevo Consejo Directivo de Comfamiliar.<\/p>\n","protected":false},"excerpt":{"rendered":"<p>Miembros del Consejo Directivo de la Caja de Compensaci\u00f3n Familiar de Cartagena y Bol\u00edvar, Comfamiliar, asistieron a jornada de inducci\u00f3n y capacitaci\u00f3n Los miembros del nuevo Consejo Directivo de la Caja de Compensaci\u00f3n Familiar de Cartagena y Bol\u00edvar, Comfamiliar, asistieron a la Inducci\u00f3n y Capacitaci\u00f3n de las Normas y Aspectos\u00a0 Generales del Sistema de Subsidio Familiar, convocada por la caja. El encuentro se realiz\u00f3 en el Centro Recreacional Napole\u00f3n Perea desde las 8:30 a. m. del martes 18 de septiembre y cont\u00f3 con las ponencias de varios funcionarios, quienes explicaron&#8230; <\/p>\n","protected":false},"author":3,"featured_media":27545,"comment_status":"open","ping_status":"closed","sticky":false,"template":"","format":"standard","meta":{"footnotes":"","_links_to":"","_links_to_target":""},"categories":[3,75,50],"tags":[],"class_list":["post-27543","post","type-post","status-publish","format-standard","has-post-thumbnail","hentry","category-ciudad","category-destacada","category-empresa"],"_links":{"self":[{"href":"https:\/\/revistazetta.com\/index.php?rest_route=\/wp\/v2\/posts\/27543","targetHints":{"allow":["GET"]}}],"collection":[{"href":"https:\/\/revistazetta.com\/index.php?rest_route=\/wp\/v2\/posts"}],"about":[{"href":"https:\/\/revistazetta.com\/index.php?rest_route=\/wp\/v2\/types\/post"}],"author":[{"embeddable":true,"href":"https:\/\/revistazetta.com\/index.php?rest_route=\/wp\/v2\/users\/3"}],"replies":[{"embeddable":true,"href":"https:\/\/revistazetta.com\/index.php?rest_route=%2Fwp%2Fv2%2Fcomments&post=27543"}],"version-history":[{"count":0,"href":"https:\/\/revistazetta.com\/index.php?rest_route=\/wp\/v2\/posts\/27543\/revisions"}],"wp:featuredmedia":[{"embeddable":true,"href":"https:\/\/revistazetta.com\/index.php?rest_route=\/wp\/v2\/media\/27545"}],"wp:attachment":[{"href":"https:\/\/revistazetta.com\/index.php?rest_route=%2Fwp%2Fv2%2Fmedia&parent=27543"}],"wp:term":[{"taxonomy":"category","embeddable":true,"href":"https:\/\/revistazetta.com\/index.php?rest_route=%2Fwp%2Fv2%2Fcategories&post=27543"},{"taxonomy":"post_tag","embeddable":true,"href":"https:\/\/revistazetta.com\/index.php?rest_route=%2Fwp%2Fv2%2Ftags&post=27543"}],"curies":[{"name":"wp","href":"https:\/\/api.w.org\/{rel}","templated":true}]}}