{"id":27546,"date":"2018-09-20T06:38:07","date_gmt":"2018-09-20T11:38:07","guid":{"rendered":"http:\/\/www.revistazetta.com\/?p=27546"},"modified":"2018-09-20T06:38:07","modified_gmt":"2018-09-20T11:38:07","slug":"presidente-duque-despejo-panorama-juegos-nacionales-seran-los-mejores","status":"publish","type":"post","link":"https:\/\/revistazetta.com\/?p=27546","title":{"rendered":"Presidente Duque despej\u00f3 panorama de Juegos Nacionales: \u00a1Ser\u00e1n los mejores!"},"content":{"rendered":"<p>El presidente Iv\u00e1n Duque disip\u00f3 los nubarrones posados sobre la realizaci\u00f3n de los Juegos Nacionales 2019 y le dio la orden al nuevo director de Coldeportes: \u00a1los Juegos Nacionales 2019 en Cartagena y Bol\u00edvar ser\u00e1n los mejores de la historia!<\/p>\n<p>En la ceremonia de posesi\u00f3n de Ernesto Lucena Barrero como Director de Coldeportes, realizada en el Sal\u00f3n Gobelinos de la Casa de Nari\u00f1o, el presidente salud\u00f3 al gobernador de Bol\u00edvar, Dumek Turbay, quien estaba all\u00ed presente junto con la Directora de los Juegos, Cecilia Baena.<\/p>\n<p>Al gobernador le dijo: \u201cUsted lleg\u00f3 en el momento que era, porque una de las cosas que quiero destacar es que ser\u00e1 un orgullo para este gobierno y para m\u00ed como Presidente, que los Juegos Nacionales que se celebren durante nuestro gobierno sean en el departamento de Bol\u00edvar en el 2019, que son los Juegos del Bicentenario\u201d.<\/p>\n<p>El mandatario le dijo al nuevo director de Coldeportes que \u201cel reto m\u00e1s grande, y usted tendr\u00e1 un gran coequipero en el gobernador de Bol\u00edvar, es que vamos a demostrar que se pueden hacer los mejores Juegos Nacionales con los mejores est\u00e1ndares de contrataci\u00f3n\u201d.<\/p>\n<p>El gobernador de Bol\u00edvar, Dumek Turbay, agradeci\u00f3 las palabras del Presidente Duque y expres\u00f3 que \u201ctodos en Bol\u00edvar estamos orgulloso de poder realizar los Juegos del Bicentenario que, sin lugar a dudas, con su apoyo lograremos que sean los mejores de la historia\u201d.<\/p>\n<p>&nbsp;<\/p>\n<p><strong>Nuevo Director de Coldeportes<\/strong><\/p>\n<p>Ernesto Lucena Barrero es abogado de la Universidad Sergio Arboleda, especialista en derecho contractual y relaciones jur\u00eddico-negociables de la Universidad Externado y con maestr\u00eda en derecho de su alma m\u00e1ter, Lucena cuenta tambi\u00e9n con una amplia formaci\u00f3n realizada en el exterior.<\/p>\n<p>As\u00ed mismo, el nuevo Director de Coldeportes posee una extensa trayectoria en el \u00e1mbito deportivo, que incluye \u2013por ejemplo\u2013 haber sido deportista de alto rendimiento entre 1999 y 2005, experiencia en la que obtuvo la medalla de oro en squash en los Juegos Nacionales de 2004.<\/p>\n<p>Cuando fue Decano de la Facultad de Derecho de la Universidad Sergio Arboleda, estuvo al frente de la maestr\u00eda desarrollada en alianza con la Escuela Universitaria Real Madrid \u2013 Universidad Europea, \u00fanica en el pa\u00eds para la formaci\u00f3n de l\u00edderes en la gesti\u00f3n de empresas deportivas.<\/p>\n<p>Tambi\u00e9n ha desarrollado desde dicho claustro la iniciativa del competidor integral; sus esfuerzos se vieron plasmados en la Escuela de T\u00e9cnicos y Entrenadores de F\u00fatbol de dicha universidad, avalada por la Conmebol y la Federaci\u00f3n Colombiana de F\u00fatbol, que ya inici\u00f3 clases este a\u00f1o y cuyo acto de presentaci\u00f3n fue encabezado por el Presidente de la Fifa, Gianni Infantino.<\/p>\n<p><strong>Retos al frente de Coldeportes<\/strong><\/p>\n<p>Durante el acto de posesi\u00f3n, el Presidente Duque le expres\u00f3 a Ernesto Lucena la responsabilidad que conlleva ser Director de Coldeportes, como un interlocutor y un l\u00edder innovador en el deporte del pa\u00eds. \u201cLa tarea que usted tiene es hacer una transformaci\u00f3n en Coldeportes, administrativa y promocional, para que las empresas entren a participar en estos desaf\u00edos del deporte con gusto y con incentivos, como lo hacen otros pa\u00edses\u201d, dijo.<\/p>\n<p>\u201cUsted tiene que liderar la creaci\u00f3n del Ministerio del Deporte; tenemos que estar en el Congreso y liderar ese proceso y hacerlo con una estructura, como lo digo, liviana, totalmente gerencial y que permita crear una profesionalizaci\u00f3n de sus funcionarios, de tal manera que perduren en el tiempo y se distingan porque tienen la formaci\u00f3n, la convicci\u00f3n, la visi\u00f3n y la capacidad de ejecuci\u00f3n necesaria para que el Ministerio del Deporte sea paradigm\u00e1tico en la regi\u00f3n\u201d, agreg\u00f3.<\/p>\n<p>As\u00ed mismo, el Jefe de Estado le encarg\u00f3 la misi\u00f3n de realizar los mejores Juegos Nacionales, que se realizar\u00e1n en el departamento de Bol\u00edvar en el 2019, a\u00f1o del Bicentenario de la Independencia de Colombia.<\/p>\n<p>\u201cNo solamente cumplirles a Bol\u00edvar y a Colombia con los Juegos Nacionales del Bicentenario, que tenemos una gran expectativa, sino que queremos que cada uno de estos j\u00f3venes que est\u00e1 entregando su vida al deporte pueda construir un proyecto de largo plazo en el deporte\u201d, afirm\u00f3.<\/p>\n<p>El Mandatario tambi\u00e9n habl\u00f3 sobre la importancia del deporte para este Gobierno: \u201cQueremos que el deporte eleve su protagonismo en las pol\u00edticas p\u00fablicas, queremos un Ministerio del Deporte que no sea burocr\u00e1tico, que sea un Ministerio peque\u00f1o, \u00e1gil, orientador de pol\u00edticas y estrategias y, sobre todo, un ministerio capaz de conseguir y movilizar recursos para el desarrollo de nuestras ligas en distintos lugares del territorio nacional\u201d.<\/p>\n<p>\u201cEl deporte nos tiene que unir, el deporte no es ni izquierda ni es de derecha, el deporte no tiene ideolog\u00eda; lo que queremos es que este pa\u00eds tenga deporte para la convivencia, deporte para tener buenos h\u00e1bitos en la ciudadan\u00eda y deporte de alto rendimiento para que nuestro pa\u00eds\u201d, concluy\u00f3.<\/p>\n","protected":false},"excerpt":{"rendered":"<p>El presidente Iv\u00e1n Duque disip\u00f3 los nubarrones posados sobre la realizaci\u00f3n de los Juegos Nacionales 2019 y le dio la orden al nuevo director de Coldeportes: \u00a1los Juegos Nacionales 2019 en Cartagena y Bol\u00edvar ser\u00e1n los mejores de la historia! En la ceremonia de posesi\u00f3n de Ernesto Lucena Barrero como Director de Coldeportes, realizada en el Sal\u00f3n Gobelinos de la Casa de Nari\u00f1o, el presidente salud\u00f3 al gobernador de Bol\u00edvar, Dumek Turbay, quien estaba all\u00ed presente junto con la Directora de los Juegos, Cecilia Baena. Al gobernador le dijo: \u201cUsted&#8230; <\/p>\n","protected":false},"author":3,"featured_media":27547,"comment_status":"open","ping_status":"closed","sticky":false,"template":"","format":"standard","meta":{"footnotes":"","_links_to":"","_links_to_target":""},"categories":[53,75,91],"tags":[],"class_list":["post-27546","post","type-post","status-publish","format-standard","has-post-thumbnail","hentry","category-deportes","category-destacada","category-juegos-nacionales"],"_links":{"self":[{"href":"https:\/\/revistazetta.com\/index.php?rest_route=\/wp\/v2\/posts\/27546","targetHints":{"allow":["GET"]}}],"collection":[{"href":"https:\/\/revistazetta.com\/index.php?rest_route=\/wp\/v2\/posts"}],"about":[{"href":"https:\/\/revistazetta.com\/index.php?rest_route=\/wp\/v2\/types\/post"}],"author":[{"embeddable":true,"href":"https:\/\/revistazetta.com\/index.php?rest_route=\/wp\/v2\/users\/3"}],"replies":[{"embeddable":true,"href":"https:\/\/revistazetta.com\/index.php?rest_route=%2Fwp%2Fv2%2Fcomments&post=27546"}],"version-history":[{"count":0,"href":"https:\/\/revistazetta.com\/index.php?rest_route=\/wp\/v2\/posts\/27546\/revisions"}],"wp:featuredmedia":[{"embeddable":true,"href":"https:\/\/revistazetta.com\/index.php?rest_route=\/wp\/v2\/media\/27547"}],"wp:attachment":[{"href":"https:\/\/revistazetta.com\/index.php?rest_route=%2Fwp%2Fv2%2Fmedia&parent=27546"}],"wp:term":[{"taxonomy":"category","embeddable":true,"href":"https:\/\/revistazetta.com\/index.php?rest_route=%2Fwp%2Fv2%2Fcategories&post=27546"},{"taxonomy":"post_tag","embeddable":true,"href":"https:\/\/revistazetta.com\/index.php?rest_route=%2Fwp%2Fv2%2Ftags&post=27546"}],"curies":[{"name":"wp","href":"https:\/\/api.w.org\/{rel}","templated":true}]}}