{"id":27725,"date":"2018-10-08T15:58:39","date_gmt":"2018-10-08T20:58:39","guid":{"rendered":"http:\/\/www.revistazetta.com\/?p=27725"},"modified":"2018-10-08T16:13:10","modified_gmt":"2018-10-08T21:13:10","slug":"lapidado-andundero-analisis-john-zamora","status":"publish","type":"post","link":"https:\/\/revistazetta.com\/?p=27725","title":{"rendered":"Lapidado por andundero &#8211; An\u00e1lisis de John Zamora"},"content":{"rendered":"<p>Mientras estuvo en la Gobernaci\u00f3n de Bol\u00edvar y luego como director de Distriseguridad, el capit\u00e1n retirado V\u00edctor Arango fue un funcionario convencional, sin notas descollantes ni bemoles, con la camiseta puesta\u2026<\/p>\n<p>\u2026 hasta el 24 de septiembre pasado, cuando asisti\u00f3 a la tradicional celebraci\u00f3n de la fiesta de Nuestra Se\u00f1ora de las Mercedes en la c\u00e1rcel para mujeres de San Diego.<\/p>\n<p>Es tradici\u00f3n que ese d\u00eda en muchos centros penitenciarios del mundo, se organicen visitas y actos culturales para las personas internas, y en Cartagena es habitual que all\u00ed se organicen reinados, exposiciones de artesan\u00edas y actividades similares.<\/p>\n<p>De las muchas fotos y videos que quedaron de esa celebraci\u00f3n, dos tuvieron un despliegue h\u00edper medi\u00e1tico y en redes sociales: el video de Liliana Campos, alias La Madame, bailando salsa con uno de los artistas invitados, y otra de la misma Madame en momentos en que V\u00edctor Arango se tomaba una \u201cselfie\u201d con ella.<\/p>\n<p>La se\u00f1ora Campos est\u00e1 privada de la libertad como consecuencia de un proceso adelantado por la Fiscal\u00eda, relacionado con explotaci\u00f3n sexual de menores de edad. Desde su captura, los \u00faltimos d\u00edas de julio, es una celebridad en medios y redes, que reconstruyeron su historia, y la satanizaron. Aunque est\u00e1 claro que tiene negocios de meretrices, no le han probado hasta ahora que alguna de sus pupilas sea menor de edad. Los memes, chistes, chismes y rumores sobre la Madame abundan, en este nuevo mundo donde la verdad es reh\u00e9n de la mentira.<\/p>\n<p>El capit\u00e1n Arango tuvo la ingenuidad de correr a su lado, pedirle una selfie, y posar como si estuviera al lado del Pibe Valderrama. Pudo haberse tomado fotos con las dem\u00e1s reclusas, con los dem\u00e1s visitantes, pero la foto con la Madame dej\u00f3 sellado su destino.<\/p>\n<p>Aunque la Justicia apenas la procesa y se debe presumir su inocencia, el se\u00f1alamiento de la Fiscal\u00eda la conden\u00f3 ante el p\u00fablico y su imagen qued\u00f3 asociada a la trata de jovencitas, al turismo sexual con menores de edad, dos batallas sensibles que libran nuestras autoridades. Tomarse una foto con alguien de esa connotaci\u00f3n, es de una ingenuidad asombrosa.<\/p>\n<p>La imagen fue el 24 de septiembre, pero este 8 de octubre le pas\u00f3 factura. El funcionario tuvo que renunciar para ponerle fin a la ya habitual lapidaci\u00f3n de medios y redes, en este hip\u00f3crita nuevo mundo de Catones de la moral, donde violar, matar y quemar a una ni\u00f1a como G\u00e9nesis no te hace vedette, pero s\u00ed una foto con qui\u00e9n no debes.<\/p>\n<p>Que se sepa, Arango no conoc\u00eda a la Madame de antes, sino la vino a ver ese d\u00eda, solo estuvo un instante de andundero tom\u00e1ndose la selfie, y despu\u00e9s no la vio m\u00e1s. Pero la recordar\u00e1 siempre. Bast\u00f3 ese momento para que durante quince d\u00edas le amargaran la vida, y le quedar\u00e1 claro de ahora en adelante que hay un nuevo c\u00f3digo disciplinario impuesto desde Bogot\u00e1 por medios y redes sociales.<\/p>\n<p>A los certificados de la Contralor\u00eda, la Procuradur\u00eda o la Polic\u00eda, los funcionarios de hoy deben acompa\u00f1ar un salvoconducto de buen comportamiento y buen pensamiento emitido por alguno de los directores de esos medios bogotanos.<\/p>\n<p>Con solo un juicio moral que emitan, podr\u00e1 una Vicepresidente pronunciarse y descalificar al reo medi\u00e1tico.<\/p>\n<p>Arango lo comprob\u00f3 de manera demoledora. Tras comentarios en micr\u00f3fonos de una cadena bogotana, dos trinos de Marta Luc\u00eda Ram\u00edrez, la tutora que el presidente Duque le puso al alcalde Pedrito Pereira, fueron suficientes para sacarlo del cargo. Para que vea el procurador Fernando Carrillo que no es el \u00fanico que quita y pone funcionarios en Cartagena.<\/p>\n<p>La lapidaci\u00f3n ha sido desbordada e injusta, pero eso le pasa por andundero.<\/p>\n<p>&nbsp;<\/p>\n<p>&nbsp;<\/p>\n","protected":false},"excerpt":{"rendered":"<p>Mientras estuvo en la Gobernaci\u00f3n de Bol\u00edvar y luego como director de Distriseguridad, el capit\u00e1n retirado V\u00edctor Arango fue un funcionario convencional, sin notas descollantes ni bemoles, con la camiseta puesta\u2026 \u2026 hasta el 24 de septiembre pasado, cuando asisti\u00f3 a la tradicional celebraci\u00f3n de la fiesta de Nuestra Se\u00f1ora de las Mercedes en la c\u00e1rcel para mujeres de San Diego. Es tradici\u00f3n que ese d\u00eda en muchos centros penitenciarios del mundo, se organicen visitas y actos culturales para las personas internas, y en Cartagena es habitual que all\u00ed se&#8230; <\/p>\n","protected":false},"author":3,"featured_media":27726,"comment_status":"open","ping_status":"closed","sticky":false,"template":"","format":"standard","meta":{"footnotes":"","_links_to":"","_links_to_target":""},"categories":[75,66,44],"tags":[],"class_list":["post-27725","post","type-post","status-publish","format-standard","has-post-thumbnail","hentry","category-destacada","category-analisis","category-materiagris"],"_links":{"self":[{"href":"https:\/\/revistazetta.com\/index.php?rest_route=\/wp\/v2\/posts\/27725","targetHints":{"allow":["GET"]}}],"collection":[{"href":"https:\/\/revistazetta.com\/index.php?rest_route=\/wp\/v2\/posts"}],"about":[{"href":"https:\/\/revistazetta.com\/index.php?rest_route=\/wp\/v2\/types\/post"}],"author":[{"embeddable":true,"href":"https:\/\/revistazetta.com\/index.php?rest_route=\/wp\/v2\/users\/3"}],"replies":[{"embeddable":true,"href":"https:\/\/revistazetta.com\/index.php?rest_route=%2Fwp%2Fv2%2Fcomments&post=27725"}],"version-history":[{"count":0,"href":"https:\/\/revistazetta.com\/index.php?rest_route=\/wp\/v2\/posts\/27725\/revisions"}],"wp:featuredmedia":[{"embeddable":true,"href":"https:\/\/revistazetta.com\/index.php?rest_route=\/wp\/v2\/media\/27726"}],"wp:attachment":[{"href":"https:\/\/revistazetta.com\/index.php?rest_route=%2Fwp%2Fv2%2Fmedia&parent=27725"}],"wp:term":[{"taxonomy":"category","embeddable":true,"href":"https:\/\/revistazetta.com\/index.php?rest_route=%2Fwp%2Fv2%2Fcategories&post=27725"},{"taxonomy":"post_tag","embeddable":true,"href":"https:\/\/revistazetta.com\/index.php?rest_route=%2Fwp%2Fv2%2Ftags&post=27725"}],"curies":[{"name":"wp","href":"https:\/\/api.w.org\/{rel}","templated":true}]}}