{"id":27731,"date":"2018-10-08T16:28:12","date_gmt":"2018-10-08T21:28:12","guid":{"rendered":"http:\/\/www.revistazetta.com\/?p=27731"},"modified":"2018-10-08T16:28:12","modified_gmt":"2018-10-08T21:28:12","slug":"victimas-del-conflicto-armado-reciben-apoyo-tecnico-arjona","status":"publish","type":"post","link":"https:\/\/revistazetta.com\/?p=27731","title":{"rendered":"V\u00edctimas del conflicto armado reciben apoyo t\u00e9cnico en Arjona"},"content":{"rendered":"<p>Con el objetivo de brindar herramientas a mujeres sobrevivientes del conflicto armado y poblaci\u00f3n vulnerable del municipio, se clausuraron los cursos de modister\u00eda y lencer\u00eda gestionados ante el SENA, en donde se han capacitado 60 mujeres.<\/p>\n<p>As\u00ed mismo la Administraci\u00f3n municipal pensando en la proyecci\u00f3n econ\u00f3mica y en la generaci\u00f3n de ingresos, realiz\u00f3 un aporte significativo a 25 de estas mujeres, especialmente a aquellas que realizaron los cursos y son v\u00edctimas del conflicto armado, con la entrega de m\u00e1quinas de coser para fortalecer los conocimientos aprendidos y activar las econom\u00edas en sus familias.<\/p>\n<p>Con l\u00e1grimas en los ojos Lorena Herrera P\u00e9rez, quien fue beneficiada con una m\u00e1quina de coser, agradeci\u00f3 a la administraci\u00f3n municipal y al SENA por todo lo que le brindaron y que va a servir mucho para su familia.<\/p>\n<p>As\u00ed mismo, M\u00f3nica Tejedor, tambi\u00e9n beneficiaria, manifest\u00f3 estar muy agradecida no solo por la m\u00e1quina, sino tambi\u00e9n por todo lo que en este proceso de formaci\u00f3n pudieron aprender. \u201cDe verdad que para m\u00ed es muy satisfactorio ya que no ten\u00eda m\u00e1quina y ahora con esto puedo seguir avanzando y hacer nuevos proyectos para m\u00ed y mi familia\u201d.<\/p>\n<p>\u201cVamos a seguir haci\u00e9ndoles acompa\u00f1amiento conjuntamente con el SENA, la Alcald\u00eda Municipal, Gobernaci\u00f3n de Bol\u00edvar y la Unidad para las V\u00edctimas, para que ellas puedan comercializar sus productos y para que ellas se sigu\u00e1n formando en emprendimiento\u201d, resalt\u00f3 Shirly Paternina, Enlace Municipal para las V\u00edctimas.<\/p>\n<p>Por su parte, la alcaldesa de Arjona, Esther Mar\u00eda Jalilie Garc\u00eda, expres\u00f3 estar muy contenta por la formaci\u00f3n y el aporte que hoy se les entregan a estas mujeres. \u201cEstamos seguros en la administraci\u00f3n, que todas ellas van a saber aprovechar lo que aprendieron\u201d.<\/p>\n<p>De igual forma la mandataria, manifest\u00f3 \u201cPara nosotros trabajar con la poblaci\u00f3n v\u00edctima es un reto, porque tenemos mucha variedad de actividades y bueno tenemos que ser muy asertivos en tomar decisiones para que realmente lo que vayamos a emprender o a trabajar sea de beneficio para la comunidad\u201d.<\/p>\n<p>El desarrollo del evento de clausura se llev\u00f3 a cabo una exposici\u00f3n de las confecciones y dise\u00f1os que elaboraron durante el proceso de capacitaci\u00f3n.<\/p>\n","protected":false},"excerpt":{"rendered":"<p>Con el objetivo de brindar herramientas a mujeres sobrevivientes del conflicto armado y poblaci\u00f3n vulnerable del municipio, se clausuraron los cursos de modister\u00eda y lencer\u00eda gestionados ante el SENA, en donde se han capacitado 60 mujeres. As\u00ed mismo la Administraci\u00f3n municipal pensando en la proyecci\u00f3n econ\u00f3mica y en la generaci\u00f3n de ingresos, realiz\u00f3 un aporte significativo a 25 de estas mujeres, especialmente a aquellas que realizaron los cursos y son v\u00edctimas del conflicto armado, con la entrega de m\u00e1quinas de coser para fortalecer los conocimientos aprendidos y activar las econom\u00edas&#8230; <\/p>\n","protected":false},"author":3,"featured_media":27732,"comment_status":"open","ping_status":"closed","sticky":false,"template":"","format":"standard","meta":{"footnotes":"","_links_to":"","_links_to_target":""},"categories":[75,83,80],"tags":[],"class_list":["post-27731","post","type-post","status-publish","format-standard","has-post-thumbnail","hentry","category-destacada","category-municipios","category-region"],"_links":{"self":[{"href":"https:\/\/revistazetta.com\/index.php?rest_route=\/wp\/v2\/posts\/27731","targetHints":{"allow":["GET"]}}],"collection":[{"href":"https:\/\/revistazetta.com\/index.php?rest_route=\/wp\/v2\/posts"}],"about":[{"href":"https:\/\/revistazetta.com\/index.php?rest_route=\/wp\/v2\/types\/post"}],"author":[{"embeddable":true,"href":"https:\/\/revistazetta.com\/index.php?rest_route=\/wp\/v2\/users\/3"}],"replies":[{"embeddable":true,"href":"https:\/\/revistazetta.com\/index.php?rest_route=%2Fwp%2Fv2%2Fcomments&post=27731"}],"version-history":[{"count":0,"href":"https:\/\/revistazetta.com\/index.php?rest_route=\/wp\/v2\/posts\/27731\/revisions"}],"wp:featuredmedia":[{"embeddable":true,"href":"https:\/\/revistazetta.com\/index.php?rest_route=\/wp\/v2\/media\/27732"}],"wp:attachment":[{"href":"https:\/\/revistazetta.com\/index.php?rest_route=%2Fwp%2Fv2%2Fmedia&parent=27731"}],"wp:term":[{"taxonomy":"category","embeddable":true,"href":"https:\/\/revistazetta.com\/index.php?rest_route=%2Fwp%2Fv2%2Fcategories&post=27731"},{"taxonomy":"post_tag","embeddable":true,"href":"https:\/\/revistazetta.com\/index.php?rest_route=%2Fwp%2Fv2%2Ftags&post=27731"}],"curies":[{"name":"wp","href":"https:\/\/api.w.org\/{rel}","templated":true}]}}