{"id":27733,"date":"2018-10-08T16:39:28","date_gmt":"2018-10-08T21:39:28","guid":{"rendered":"http:\/\/www.revistazetta.com\/?p=27733"},"modified":"2018-10-08T16:39:28","modified_gmt":"2018-10-08T21:39:28","slug":"alcalde-revive-ecobloque-la-cienaga-la-virgen","status":"publish","type":"post","link":"https:\/\/revistazetta.com\/?p=27733","title":{"rendered":"Alcalde revive Ecobloque para la ci\u00e9naga de la Virgen"},"content":{"rendered":"<p>El alcalde (e), Pedrito Pereira Caballero, lider\u00f3 en la ma\u00f1ana de este lunes la instalaci\u00f3n del Frente Institucional -Ecobloque- creado para hacerle seguimiento a los rellenos en la Ci\u00e9naga de La Virgen, otros cuerpos de agua de la ciudad y bienes de uso p\u00fablico del Distrito.<\/p>\n<p>\u201cEn este gobierno de encargo adelantaremos estrategias para la defensa de nuestros ecosistemas. Por eso no permitiremos que contin\u00fae la tala indiscriminada de nuestros manglares. Por eso, emprenderemos acciones y aplicaremos fuertes sanciones para quienes realicen vertimiento de escombros y basuras en los cuerpos de agua\u201d, indic\u00f3 el alcalde Pedrito Pereira.<\/p>\n<p>As\u00ed mismo, el mandatario expres\u00f3 que la instalaci\u00f3n de este comit\u00e9 se da atendiendo al deber legal de dar respuesta a la solicitud de la Procuradur\u00eda General de la Naci\u00f3n de tomar\u00a0 acciones para frenar las ocupaciones indebidas, recobrar las \u00e1reas invadidas e iniciar la recuperaci\u00f3n ambiental de la Ci\u00e9naga de La Virgen en Cartagena. \u201cAtendiendo el llamado de la Procuradur\u00eda General de la Naci\u00f3n, trabajaremos en la creaci\u00f3n de una pol\u00edtica para reglamentar el uso de los escombros en la ciudad y de esta forma contrarrestar el relleno en los cuerpos de agua\u201d, enfatiz\u00f3.<\/p>\n<p>De igual forma, el alcalde Pedrito Pereira dijo que\u00a0 se hace necesario la creaci\u00f3n de un CAI ambiental en la zona de inmediaciones de la Ci\u00e9naga de la Virgen. \u201cHay que hacer operativos policivos y ambientales, ya que hay muchos invasores que se niegan a salir de este espacio\u201d, puntualiz\u00f3.<\/p>\n<p>Adem\u00e1s, el burgomaestre dijo que estudiar\u00e1 las acciones trazadas en la Ley del Sitio para as\u00ed pedirle al Gobierno Nacional que cumpla con esta norma a cabalidad. \u201cLa Ley 1784 del 17 de junio de 2016, o Ley del Sitio, contempla la obligaci\u00f3n del\u00a0 Gobierno Nacional en la recuperaci\u00f3n de la Ci\u00e9naga de la Virgen, pero tambi\u00e9n a estrategias para la competitividad de Cartagena, la protecci\u00f3n costera, el Plan Maestro de Drenajes Pluviales, entre otros temas\u201d<\/p>\n<p>Este frente com\u00fan interinstitucional est\u00e1 conformado por el EPA, la Dimar, Cardique,\u00a0 la Procuradur\u00eda Delegada Ambiental, la Armada Nacional, la Polic\u00eda Metropolitana y Alcaldes Locales.<\/p>\n<p>\u201cEn esta mesa de trabajo trazaremos un plan de acci\u00f3n y un protocolo para frenar de manera definitiva la problem\u00e1tica ambiental que vienen padeciendo los cuerpos de agua\u201d, indic\u00f3 el Alcalde.<\/p>\n<p>Durante el comit\u00e9, delegados de la Procuradur\u00eda Provincial resaltaron\u00a0 los importantes operativos que en d\u00edas anteriores adelant\u00f3 el Distrito, a trav\u00e9s de la Alcald\u00eda Local 2 en pro de la recuperaci\u00f3n de la Ci\u00e9naga de La Virgen.<\/p>\n<p><strong>Autoridades ambientales<\/strong><\/p>\n<p>Las autoridades ambientales de la ciudad, Cardique y Epa, trabajar\u00e1n en equipo sin tener en cuenta los l\u00edmites geogr\u00e1ficos con el fin de prevenir y erradicar la problem\u00e1tica de rellenos ilegales en la Ci\u00e9naga de La Virgen.<\/p>\n<p>\u201cPrincipalmente vamos establecer protocolos que nos ayuden a frenar las ocupaciones y recuperar de las \u00e1reas invadidas en los cuerpos de aguas de la ciudad. Expresamos el apoyo al se\u00f1or alcalde en las acciones a tomar\u201d, puntualiz\u00f3 el director de Cardique, \u00c1ngelo Bacci.<\/p>\n<p>El Establecimiento P\u00fablico Ambiental \u2013EPA- adelanta capacitaciones y sensibilizaci\u00f3n en el \u00e1rea, as\u00ed como\u00a0 trabajos en la Bocana. \u201cEstamos\u00a0 articulando nuestras acciones para la recuperaci\u00f3n f\u00edsica de la Bocana Estabilizada de Marea y desde ah\u00ed con el equipo t\u00e9cnico prevenir el relleno de la ci\u00e9naga\u201d, explic\u00f3 el director del EPA, \u00c1lvaro Vargas.<\/p>\n<p>El secretario del Interior y Convivencia Ciudadana, Jos\u00e9 Carlos Puello, indic\u00f3 que con recursos del Fonsep el Distrito adquiri\u00f3 dos botes para patrullaje constantes en la Ci\u00e9naga de La Virgen.<\/p>\n","protected":false},"excerpt":{"rendered":"<p>El alcalde (e), Pedrito Pereira Caballero, lider\u00f3 en la ma\u00f1ana de este lunes la instalaci\u00f3n del Frente Institucional -Ecobloque- creado para hacerle seguimiento a los rellenos en la Ci\u00e9naga de La Virgen, otros cuerpos de agua de la ciudad y bienes de uso p\u00fablico del Distrito. \u201cEn este gobierno de encargo adelantaremos estrategias para la defensa de nuestros ecosistemas. Por eso no permitiremos que contin\u00fae la tala indiscriminada de nuestros manglares. Por eso, emprenderemos acciones y aplicaremos fuertes sanciones para quienes realicen vertimiento de escombros y basuras en los cuerpos&#8230; <\/p>\n","protected":false},"author":3,"featured_media":27734,"comment_status":"open","ping_status":"closed","sticky":false,"template":"","format":"standard","meta":{"footnotes":"","_links_to":"","_links_to_target":""},"categories":[75,32],"tags":[],"class_list":["post-27733","post","type-post","status-publish","format-standard","has-post-thumbnail","hentry","category-destacada","category-actualidad-distrito"],"_links":{"self":[{"href":"https:\/\/revistazetta.com\/index.php?rest_route=\/wp\/v2\/posts\/27733","targetHints":{"allow":["GET"]}}],"collection":[{"href":"https:\/\/revistazetta.com\/index.php?rest_route=\/wp\/v2\/posts"}],"about":[{"href":"https:\/\/revistazetta.com\/index.php?rest_route=\/wp\/v2\/types\/post"}],"author":[{"embeddable":true,"href":"https:\/\/revistazetta.com\/index.php?rest_route=\/wp\/v2\/users\/3"}],"replies":[{"embeddable":true,"href":"https:\/\/revistazetta.com\/index.php?rest_route=%2Fwp%2Fv2%2Fcomments&post=27733"}],"version-history":[{"count":0,"href":"https:\/\/revistazetta.com\/index.php?rest_route=\/wp\/v2\/posts\/27733\/revisions"}],"wp:featuredmedia":[{"embeddable":true,"href":"https:\/\/revistazetta.com\/index.php?rest_route=\/wp\/v2\/media\/27734"}],"wp:attachment":[{"href":"https:\/\/revistazetta.com\/index.php?rest_route=%2Fwp%2Fv2%2Fmedia&parent=27733"}],"wp:term":[{"taxonomy":"category","embeddable":true,"href":"https:\/\/revistazetta.com\/index.php?rest_route=%2Fwp%2Fv2%2Fcategories&post=27733"},{"taxonomy":"post_tag","embeddable":true,"href":"https:\/\/revistazetta.com\/index.php?rest_route=%2Fwp%2Fv2%2Ftags&post=27733"}],"curies":[{"name":"wp","href":"https:\/\/api.w.org\/{rel}","templated":true}]}}