{"id":27737,"date":"2018-10-08T16:59:40","date_gmt":"2018-10-08T21:59:40","guid":{"rendered":"http:\/\/www.revistazetta.com\/?p=27737"},"modified":"2018-10-08T16:59:59","modified_gmt":"2018-10-08T21:59:59","slug":"27737","status":"publish","type":"post","link":"https:\/\/revistazetta.com\/?p=27737","title":{"rendered":"Crece la sombra y no hay claridad sobre concesi\u00f3n del alumbrado p\u00fablico"},"content":{"rendered":"<p>El Concejo Distrital pregunta y pregunta, y nadie le responde con claridad sobre la concesi\u00f3n de alumbrado p\u00fablico:\u00a0No se sabe c\u00f3mo va el proceso, a sabiendas que en los pr\u00f3ximos dos meses se acaba la concesi\u00f3n que por 20 a\u00f1os fue entregado a un operador privado de la regi\u00f3n.<\/p>\n<p>\u201cEl tema es desafortunado para Cartagena, en esta corporaci\u00f3n hace m\u00e1s de un a\u00f1o se viene debatiendo por ser un tema de ciudad, donde le preguntamos a la administraci\u00f3n cu\u00e1l es su querer, d\u00f3nde est\u00e1n los estudios que nos determinen qu\u00e9 es lo mejor para Cartagena, o si se va extender esta concesi\u00f3n,\u00a0\u00a0o si necesitamos un nuevo operador,\u00a0\u00a0o qu\u00e9 tipo de contrataci\u00f3n piensan adelantar, cuando hoy la constituci\u00f3n le entrega un\u00a0\u00a0abanico de herramientas\u00a0\u00a0a los municipios para que adelanten este tipo de contrataci\u00f3n\u201d, indag\u00f3 el presidente de la entidad, Wilson Toncel Ochoa.<\/p>\n<p>El cabildante asegur\u00f3 que hace m\u00e1s de cuatro meses intervino en la corporaci\u00f3n William Murra Babum, en su condici\u00f3n de interventor, donde explic\u00f3 acerca de lo que estaba sucediendo y la falta de planeaci\u00f3n que existe en la Alcald\u00eda. \u201cEntendemos que el proceso obedece al fen\u00f3meno pol\u00edtico que afrontamos, pero tambi\u00e9n entendemos que los alcaldes van y vienen, pero los funcionarios b\u00e1sicamente son los mismos y que adem\u00e1s tienen la memoria institucional de lo que sucede y de los compromisos que se tienen con la ciudadan\u00eda desde cada dependencia\u201d, asever\u00f3.<\/p>\n<p>El concejal por el partido de la U,\u00a0\u00a0C\u00e9sar Augusto Pi\u00f3n Gonz\u00e1lez, hizo la salvedad que el actual alcalde tiene el mayor deseo de acogerse a los procesos\u00a0\u00a0de transparencia, \u201csin embargo hay algo que se ha encontrado y es que no se ha planificado en el tiempo la entrega de las concesiones, las pr\u00f3rrogas o los cambios de los concesionarios que amerite de acuerdo a un estudio que ha tenido que haber fabricado el Distrito, hoy posiblemente podr\u00edamos estar en las puertas de una omisi\u00f3n, de una acci\u00f3n disciplinaria y este Concejo no puede ser permisivo y le est\u00e1 solicitando a Control Interno y a las dependencias respectivas, que nos entregue un informe con respecto a la finalizaci\u00f3n, el Plan de Acci\u00f3n y la decisi\u00f3n que van a tomar al respecto\u201d, precis\u00f3 Pi\u00f3n Gonz\u00e1lez.<\/p>\n<p>Por su parte, \u00d3scar Mar\u00edn Villalba, indic\u00f3 que el Concejo tiene un malestar generalizado frente al tema de la concesi\u00f3n de alumbrado p\u00fablico que expira en el pr\u00f3ximo mes de diciembre, \u201cen diferentes sesiones se ha manifestado nuestra preocupaci\u00f3n, sin que hasta la fecha hayamos obtenido eco acerca de las posturas de los concejales, lo que estamos haciendo\u00a0\u00a0hoy y por en\u00e9sima vez, es preguntarle a la administraci\u00f3n cu\u00e1l es el plan de emergencia que se tiene, toda vez que si se acaba el contrato de concesi\u00f3n estar\u00edamos abocados al pago de m\u00e1s de 20 mil millones que estar\u00eda cobrando el concesionario, de ah\u00ed que necesitamos tener certeza\u00a0sobre la realidad del contrato, sabiendo que estamos adportas de culminarlo\u201d, indic\u00f3 Mar\u00edn.<\/p>\n<p>&nbsp;<\/p>\n","protected":false},"excerpt":{"rendered":"<p>El Concejo Distrital pregunta y pregunta, y nadie le responde con claridad sobre la concesi\u00f3n de alumbrado p\u00fablico:\u00a0No se sabe c\u00f3mo va el proceso, a sabiendas que en los pr\u00f3ximos dos meses se acaba la concesi\u00f3n que por 20 a\u00f1os fue entregado a un operador privado de la regi\u00f3n. \u201cEl tema es desafortunado para Cartagena, en esta corporaci\u00f3n hace m\u00e1s de un a\u00f1o se viene debatiendo por ser un tema de ciudad, donde le preguntamos a la administraci\u00f3n cu\u00e1l es su querer, d\u00f3nde est\u00e1n los estudios que nos determinen qu\u00e9&#8230; <\/p>\n","protected":false},"author":3,"featured_media":27738,"comment_status":"open","ping_status":"closed","sticky":false,"template":"","format":"standard","meta":{"footnotes":"","_links_to":"","_links_to_target":""},"categories":[75,4],"tags":[],"class_list":["post-27737","post","type-post","status-publish","format-standard","has-post-thumbnail","hentry","category-destacada","category-politica"],"_links":{"self":[{"href":"https:\/\/revistazetta.com\/index.php?rest_route=\/wp\/v2\/posts\/27737","targetHints":{"allow":["GET"]}}],"collection":[{"href":"https:\/\/revistazetta.com\/index.php?rest_route=\/wp\/v2\/posts"}],"about":[{"href":"https:\/\/revistazetta.com\/index.php?rest_route=\/wp\/v2\/types\/post"}],"author":[{"embeddable":true,"href":"https:\/\/revistazetta.com\/index.php?rest_route=\/wp\/v2\/users\/3"}],"replies":[{"embeddable":true,"href":"https:\/\/revistazetta.com\/index.php?rest_route=%2Fwp%2Fv2%2Fcomments&post=27737"}],"version-history":[{"count":0,"href":"https:\/\/revistazetta.com\/index.php?rest_route=\/wp\/v2\/posts\/27737\/revisions"}],"wp:featuredmedia":[{"embeddable":true,"href":"https:\/\/revistazetta.com\/index.php?rest_route=\/wp\/v2\/media\/27738"}],"wp:attachment":[{"href":"https:\/\/revistazetta.com\/index.php?rest_route=%2Fwp%2Fv2%2Fmedia&parent=27737"}],"wp:term":[{"taxonomy":"category","embeddable":true,"href":"https:\/\/revistazetta.com\/index.php?rest_route=%2Fwp%2Fv2%2Fcategories&post=27737"},{"taxonomy":"post_tag","embeddable":true,"href":"https:\/\/revistazetta.com\/index.php?rest_route=%2Fwp%2Fv2%2Ftags&post=27737"}],"curies":[{"name":"wp","href":"https:\/\/api.w.org\/{rel}","templated":true}]}}