{"id":27740,"date":"2018-10-09T07:21:06","date_gmt":"2018-10-09T12:21:06","guid":{"rendered":"http:\/\/www.revistazetta.com\/?p=27740"},"modified":"2018-10-09T07:21:06","modified_gmt":"2018-10-09T12:21:06","slug":"alcaldia-realizara-jornada-intervencion-mas-grande-superacion-la-pobreza-cartagena","status":"publish","type":"post","link":"https:\/\/revistazetta.com\/?p=27740","title":{"rendered":"Alcald\u00eda realizar\u00e1 jornada de intervenci\u00f3n m\u00e1s grande de superaci\u00f3n de la pobreza en Cartagena"},"content":{"rendered":"<p>En conmemoraci\u00f3n del D\u00eda Internacional de la Erradicaci\u00f3n de la Pobreza Extrema, el Plan de Emergencia Social Pedro Romero (PES &#8211; PR), realizar\u00e1 el d\u00eda 17 de octubre, de 6:00 a.m. a 6:00 p.m., la jornada integral m\u00e1s grande de intervenci\u00f3n del gobierno local para la superaci\u00f3n de la pobreza (DIEP 2018).<\/p>\n<p>Se realizar\u00e1 de manera simult\u00e1nea desde tres puntos visibles de las localidades e identificados con un alto porcentaje de pobreza extrema en la ciudad. Ser\u00e1 la oferta m\u00e1s grande nunca antes vista a favor de los m\u00e1s necesitados, liderando uno de los cuatro pilares del gobierno\u00a0 distrital \u201cErradicaci\u00f3n de la pobreza extrema\u201d.<\/p>\n<p>Se llevar\u00e1 toda la oferta institucional del Distrito, de empresas privadas, de grupos de\u00a0voluntarios y de la comunidad en general. La meta es lograr atender, entre las 3 localidades, no menos de 6.000 personas.<\/p>\n<p>Llevaremos toda la oferta propia del PES-PR:<\/p>\n<ol>\n<li>Educaci\u00f3n:\u00a0Ofertas universitarias, nos acompa\u00f1ar\u00edan;\u00a0 Summit, Citucar, Esdise\u00f1os, bienestar institucional de las universidades, Tecnar y escuelas de teatro.<\/li>\n<li>Habitabilidad:\u00a0Siembra de \u00e1rboles, recuperaci\u00f3n de espacios verdes, charlas de sensibilizaci\u00f3n en \u201ccuidado del medio ambiente\u201d.<\/li>\n<li>Salud:\u00a0Higiene oral, vacunaci\u00f3n.<\/li>\n<li>Nutrici\u00f3n: valoraci\u00f3n nutricional, charlas de h\u00e1bitos y estilos de vida saludable<\/li>\n<li>Ingreso y Trabajo: Bus de empleabilidad de Comfenalco<\/li>\n<li>Identificaci\u00f3n:\u00a0Se llevar\u00e1 a la Registradur\u00eda con tr\u00e1mite de tarjeta de identidad por primera vez y renovaci\u00f3n de tarjeta de identidad.<\/li>\n<li>Bancarizaci\u00f3n y Ahorro: Acompa\u00f1amiento de los bancos para inclusi\u00f3n como son: BEPS Colpensiones, Mundo mujer, Banca m\u00eda, entidades financieras.<\/li>\n<\/ol>\n<p>8Se brindara acceso a los vendedores informales de medianas y peque\u00f1as microempresas para que estos muestren, promocionen y vendan sus productos.<\/p>\n<ol start=\"8\">\n<li>Din\u00e1mica Familiar:\u00a0Recuperaci\u00f3n de Tejido Social, Fortalecimiento de la Familia a trav\u00e9s de juegos tradicionales.<\/li>\n<li>Acceso a la Justicia: rutas de acceso a la justicia.<\/li>\n<li>Fortalecimiento Institucional:\u00a0Charlas sobre pr\u00e1cticas de buen gobierno, mecanismos de participaci\u00f3n ciudadana.<\/li>\n<\/ol>\n<p>De igual manera, el apoyo del Distrito es importante para el desarrollo de esta gran actividad y por eso nos estar\u00e1n acompa\u00f1ando:<\/p>\n<p>Alcald\u00eda Local Hist\u00f3rica y del Caribe, Alcald\u00eda Local de la Virgen y Tur\u00edstica, Alcald\u00eda Local Industrial y de La Bah\u00eda, Ider, IPCC, Secretar\u00eda del Interior, DATT, Transcaribe, Planeaci\u00f3n, Valorizaci\u00f3n, Hacienda, Corvivienda, Secretar\u00eda de Participaci\u00f3n, Umata, Migraci\u00f3n Colombia, Pacaribe, Aseo Urbano, EPA Cartagena, Gesti\u00f3n Del Riesgo, Secretar\u00eda de Educaci\u00f3n, Corpoturismo, Escuela De Gobierno, Alumbrado P\u00fablico, Aguas De Cartagena, Servicios P\u00fablicos, Secretaria General, Sisb\u00e9n, Dadis, Polic\u00eda Nacional, Cruz Roja, Profamilia, Gesti\u00f3n Social del Distrito.<\/p>\n<p>Tendremos el apoyo de entidades privadas, fundaciones y entidades no gubernamentales, queremos tener una jordana completa con el fin de hacer historia con esta magn\u00edfica actividad.<\/p>\n","protected":false},"excerpt":{"rendered":"<p>En conmemoraci\u00f3n del D\u00eda Internacional de la Erradicaci\u00f3n de la Pobreza Extrema, el Plan de Emergencia Social Pedro Romero (PES &#8211; PR), realizar\u00e1 el d\u00eda 17 de octubre, de 6:00 a.m. a 6:00 p.m., la jornada integral m\u00e1s grande de intervenci\u00f3n del gobierno local para la superaci\u00f3n de la pobreza (DIEP 2018). Se realizar\u00e1 de manera simult\u00e1nea desde tres puntos visibles de las localidades e identificados con un alto porcentaje de pobreza extrema en la ciudad. Ser\u00e1 la oferta m\u00e1s grande nunca antes vista a favor de los m\u00e1s necesitados,&#8230; <\/p>\n","protected":false},"author":3,"featured_media":27741,"comment_status":"open","ping_status":"closed","sticky":false,"template":"","format":"standard","meta":{"footnotes":"","_links_to":"","_links_to_target":""},"categories":[75,86,32],"tags":[],"class_list":["post-27740","post","type-post","status-publish","format-standard","has-post-thumbnail","hentry","category-destacada","category-comunidad","category-actualidad-distrito"],"_links":{"self":[{"href":"https:\/\/revistazetta.com\/index.php?rest_route=\/wp\/v2\/posts\/27740","targetHints":{"allow":["GET"]}}],"collection":[{"href":"https:\/\/revistazetta.com\/index.php?rest_route=\/wp\/v2\/posts"}],"about":[{"href":"https:\/\/revistazetta.com\/index.php?rest_route=\/wp\/v2\/types\/post"}],"author":[{"embeddable":true,"href":"https:\/\/revistazetta.com\/index.php?rest_route=\/wp\/v2\/users\/3"}],"replies":[{"embeddable":true,"href":"https:\/\/revistazetta.com\/index.php?rest_route=%2Fwp%2Fv2%2Fcomments&post=27740"}],"version-history":[{"count":0,"href":"https:\/\/revistazetta.com\/index.php?rest_route=\/wp\/v2\/posts\/27740\/revisions"}],"wp:featuredmedia":[{"embeddable":true,"href":"https:\/\/revistazetta.com\/index.php?rest_route=\/wp\/v2\/media\/27741"}],"wp:attachment":[{"href":"https:\/\/revistazetta.com\/index.php?rest_route=%2Fwp%2Fv2%2Fmedia&parent=27740"}],"wp:term":[{"taxonomy":"category","embeddable":true,"href":"https:\/\/revistazetta.com\/index.php?rest_route=%2Fwp%2Fv2%2Fcategories&post=27740"},{"taxonomy":"post_tag","embeddable":true,"href":"https:\/\/revistazetta.com\/index.php?rest_route=%2Fwp%2Fv2%2Ftags&post=27740"}],"curies":[{"name":"wp","href":"https:\/\/api.w.org\/{rel}","templated":true}]}}