{"id":27742,"date":"2018-10-09T07:26:32","date_gmt":"2018-10-09T12:26:32","guid":{"rendered":"http:\/\/www.revistazetta.com\/?p=27742"},"modified":"2018-10-09T07:26:32","modified_gmt":"2018-10-09T12:26:32","slug":"nueva-carpeta-asfaltica-huecos-eternos-la-avenida-daniel-lemaitre","status":"publish","type":"post","link":"https:\/\/revistazetta.com\/?p=27742","title":{"rendered":"Nueva carpeta asf\u00e1ltica en huecos \u00abeternos\u00bb de la avenida Daniel Lemaitre"},"content":{"rendered":"<p>Los huecos hist\u00f3ricos de la avenida Daniel Lemaitre ya no ser\u00e1n inconveniente para los transe\u00fantes y conductores que d\u00eda a d\u00eda utilizan esta importante v\u00eda del centro de la ciudad, esto gracias a las obras de reparcheo que se adelantan desde la semana pasada.<\/p>\n<p>Siguiendo las indicaciones del alcalde encargado, Pedrito Pereira, de mejorar la movilidad en la ciudad con la adecuaci\u00f3n de calles, la Secretar\u00eda de Infraestructura, a trav\u00e9s de Edurbe, dio Inicio al mantenimiento de la malla vial en concreto asf\u00e1ltico de 600 metros cuadrados de la avenida Daniel Lemaitre, en el Centro Hist\u00f3rico.<\/p>\n<p>Hace una semana el Alcalde Pereira comenz\u00f3 la demarcaci\u00f3n de los sitios a trabajar, y hoy en horas de la noche se comenz\u00f3 la aplicaci\u00f3n de la nueva carpeta asf\u00e1ltica del tramo en mal estado en la avenida Daniel Lemaitre.<\/p>\n<p>La adecuaci\u00f3n de esta Avenida hace parte de los 1.210 metros cuadrados que ser\u00e1n intervenidos en\u00a0 la ciudad, entre ellas, frente a la Estaci\u00f3n de Bomberos, en el barrio Santa Luc\u00eda, inmediaciones del antiguo Reloj Floral y la Avenida Petaca Rodr\u00edguez (detr\u00e1s de la Villa Ol\u00edmpica).<\/p>\n","protected":false},"excerpt":{"rendered":"<p>Los huecos hist\u00f3ricos de la avenida Daniel Lemaitre ya no ser\u00e1n inconveniente para los transe\u00fantes y conductores que d\u00eda a d\u00eda utilizan esta importante v\u00eda del centro de la ciudad, esto gracias a las obras de reparcheo que se adelantan desde la semana pasada. Siguiendo las indicaciones del alcalde encargado, Pedrito Pereira, de mejorar la movilidad en la ciudad con la adecuaci\u00f3n de calles, la Secretar\u00eda de Infraestructura, a trav\u00e9s de Edurbe, dio Inicio al mantenimiento de la malla vial en concreto asf\u00e1ltico de 600 metros cuadrados de la avenida&#8230; <\/p>\n","protected":false},"author":3,"featured_media":27743,"comment_status":"open","ping_status":"closed","sticky":false,"template":"","format":"standard","meta":{"footnotes":"","_links_to":"","_links_to_target":""},"categories":[75,32],"tags":[],"class_list":["post-27742","post","type-post","status-publish","format-standard","has-post-thumbnail","hentry","category-destacada","category-actualidad-distrito"],"_links":{"self":[{"href":"https:\/\/revistazetta.com\/index.php?rest_route=\/wp\/v2\/posts\/27742","targetHints":{"allow":["GET"]}}],"collection":[{"href":"https:\/\/revistazetta.com\/index.php?rest_route=\/wp\/v2\/posts"}],"about":[{"href":"https:\/\/revistazetta.com\/index.php?rest_route=\/wp\/v2\/types\/post"}],"author":[{"embeddable":true,"href":"https:\/\/revistazetta.com\/index.php?rest_route=\/wp\/v2\/users\/3"}],"replies":[{"embeddable":true,"href":"https:\/\/revistazetta.com\/index.php?rest_route=%2Fwp%2Fv2%2Fcomments&post=27742"}],"version-history":[{"count":0,"href":"https:\/\/revistazetta.com\/index.php?rest_route=\/wp\/v2\/posts\/27742\/revisions"}],"wp:featuredmedia":[{"embeddable":true,"href":"https:\/\/revistazetta.com\/index.php?rest_route=\/wp\/v2\/media\/27743"}],"wp:attachment":[{"href":"https:\/\/revistazetta.com\/index.php?rest_route=%2Fwp%2Fv2%2Fmedia&parent=27742"}],"wp:term":[{"taxonomy":"category","embeddable":true,"href":"https:\/\/revistazetta.com\/index.php?rest_route=%2Fwp%2Fv2%2Fcategories&post=27742"},{"taxonomy":"post_tag","embeddable":true,"href":"https:\/\/revistazetta.com\/index.php?rest_route=%2Fwp%2Fv2%2Ftags&post=27742"}],"curies":[{"name":"wp","href":"https:\/\/api.w.org\/{rel}","templated":true}]}}