{"id":27744,"date":"2018-10-09T07:31:14","date_gmt":"2018-10-09T12:31:14","guid":{"rendered":"http:\/\/www.revistazetta.com\/?p=27744"},"modified":"2018-10-09T07:31:14","modified_gmt":"2018-10-09T12:31:14","slug":"falta-pan-opinion-cesar-pion-gonzalez","status":"publish","type":"post","link":"https:\/\/revistazetta.com\/?p=27744","title":{"rendered":"A falta de pan &#8211; Opini\u00f3n de C\u00e9sar Pi\u00f3n Gonz\u00e1lez"},"content":{"rendered":"<div align=\"left\">\n<div dir=\"auto\"><span style=\"color: #0000ff;\"><strong>Por C\u00e9sar Pi\u00f3n Gonz\u00e1lez (Concejal de Cartagena).- (Especial para Revista Zetta).-<\/strong><\/span>\u00a0A falta de pan, buenas son tortas, dice el adagio de la conformidad y que hoy bajo las circunstancias que vive nuestro distrito y desde la \u00f3ptica del desarrollo social medida por la pobreza monetaria, intolerancia de sus ciudadanos, ausencia de oportunidades educativas, masificaci\u00f3n de la informalidad laboral y carencia de amor por la ciudad, amerita m\u00e1s que nunca el proceso de cultura ciudadana tan requerido y anhelado para que las tortas no reemplacen el pan.<\/div>\n<\/div>\n<div dir=\"auto\"><\/div>\n<div align=\"left\">\n<div dir=\"auto\">Qu\u00e9 interesante pedirle a este medio publicitar el requerimiento y recibir ofertas que pudi\u00e9ramos hacer masivas y enviarlas al mandatario de turno para que junto a diferentes sectores, comunales, gremiales y acad\u00e9micos, las analizaran para su aplicaci\u00f3n.<\/div>\n<\/div>\n<div dir=\"auto\"><\/div>\n<div align=\"left\">\n<div dir=\"auto\">Discutir si fue primero el huevo o la gallina debe ser p\u00e1gina le\u00edda, ya que todo proceso de recomposici\u00f3n, rescate y mejoramiento social aun en medio de las necesidades, necesita una actitud mental dispuesta, consciente y con visi\u00f3n.<\/div>\n<\/div>\n<div dir=\"auto\"><\/div>\n<div align=\"left\">\n<div dir=\"auto\">Hay que contagiarnos, hay que \u2018epidemizarse\u2019 de la necesidad colectiva, buscar siempre lo positivo sin profundizar en lo que nos pueda separar. No podemos permitir que siga haciendo carrera la b\u00fasqueda del error o el desacierto, hoy no se escuchan las propuestas ni se afianzan para impulsarlas, hoy se centra la atenci\u00f3n en d\u00f3nde se equivoca o qu\u00e9 se expresa mal, hemos dejado correr la cultura de la negaci\u00f3n, negarse a s\u00ed mismo de la posibilidad.<\/div>\n<\/div>\n<div dir=\"auto\"><\/div>\n<div align=\"left\">\n<div dir=\"auto\">La ciudad se mueve en los supuestos, en los anonimatos que no dan la cara sobre la excusa de las retaliaciones y la impunidad, y lo m\u00e1s grave a\u00fan, medios que se prestan a la multiplicaci\u00f3n de lo subjetivo bajo la llave maestra de la opini\u00f3n, \u201cel supuesto\u201d; se ha hecho tan f\u00e1cil decretar la deshonra y lapidar la personalidad, las tarifas dirigen la expresi\u00f3n y el titular es la daga que enaltece, neutraliza, arrincona o asesina.<\/div>\n<\/div>\n<div dir=\"auto\"><\/div>\n<div align=\"left\">\n<div dir=\"auto\">La cultura ciudadana es el inicio de la revoluci\u00f3n mental, la cultura ciudadana debe darnos los primeros pelda\u00f1os para retomar la fraternidad. Un pueblo sin cultura social es un pueblo suicida.<\/div>\n<\/div>\n<div dir=\"auto\"><\/div>\n<div align=\"left\">\n<div dir=\"auto\">La sonrisa, la amabilidad, los buenos d\u00edas, me permite, me excusa, yo cojo la fila, siga usted, muy amable, hasta luego, yo tomo la cebra, yo llego al paradero, yo pago los impuestos, no utilizo la bocina sino en urgencia, entre otros, deber\u00edan ser el pan de cada d\u00eda sin que nos alimentemos de la mediocridad bajo el lema de la complacencia.<\/div>\n<\/div>\n<div dir=\"auto\"><\/div>\n<div align=\"left\">\n<div dir=\"auto\">\u201cLa confianza ha de darnos la paz. No basta la buena fe, es preciso mostrarla, porque los hombres siempre ven y pocas veces piensan\u201d: Sim\u00f3n Bol\u00edvar.<\/div>\n<\/div>\n<div dir=\"auto\"><\/div>\n<div align=\"left\">\n<div dir=\"auto\">La cr\u00edtica no objetiva ir\u00e1 agrandando abismos en el tiempo y la sutura cultural ir\u00e1 cicatrizando las heridas del alma para no vivir resignado a que \u201ca falta de pan, buenas son tortas\u201d.<\/div>\n<\/div>\n<div dir=\"auto\"><\/div>\n<div align=\"left\">\n<div dir=\"auto\">\u201cHay que contagiarnos, hay que \u2018epidemizarse\u2019 de la necesidad colectiva, buscar siempre lo positivo sin profundizar en lo que nos pueda separar\u201d.<\/div>\n<\/div>\n<div dir=\"auto\"><\/div>\n<div align=\"left\">\n<div dir=\"auto\"><\/div>\n<\/div>\n","protected":false},"excerpt":{"rendered":"<p>Por C\u00e9sar Pi\u00f3n Gonz\u00e1lez (Concejal de Cartagena).- (Especial para Revista Zetta).-\u00a0A falta de pan, buenas son tortas, dice el adagio de la conformidad y que hoy bajo las circunstancias que vive nuestro distrito y desde la \u00f3ptica del desarrollo social medida por la pobreza monetaria, intolerancia de sus ciudadanos, ausencia de oportunidades educativas, masificaci\u00f3n de la informalidad laboral y carencia de amor por la ciudad, amerita m\u00e1s que nunca el proceso de cultura ciudadana tan requerido y anhelado para que las tortas no reemplacen el pan. Qu\u00e9 interesante pedirle a&#8230; <\/p>\n","protected":false},"author":3,"featured_media":27745,"comment_status":"open","ping_status":"closed","sticky":false,"template":"","format":"standard","meta":{"footnotes":"","_links_to":"","_links_to_target":""},"categories":[75,44,65],"tags":[],"class_list":["post-27744","post","type-post","status-publish","format-standard","has-post-thumbnail","hentry","category-destacada","category-materiagris","category-opinion"],"_links":{"self":[{"href":"https:\/\/revistazetta.com\/index.php?rest_route=\/wp\/v2\/posts\/27744","targetHints":{"allow":["GET"]}}],"collection":[{"href":"https:\/\/revistazetta.com\/index.php?rest_route=\/wp\/v2\/posts"}],"about":[{"href":"https:\/\/revistazetta.com\/index.php?rest_route=\/wp\/v2\/types\/post"}],"author":[{"embeddable":true,"href":"https:\/\/revistazetta.com\/index.php?rest_route=\/wp\/v2\/users\/3"}],"replies":[{"embeddable":true,"href":"https:\/\/revistazetta.com\/index.php?rest_route=%2Fwp%2Fv2%2Fcomments&post=27744"}],"version-history":[{"count":0,"href":"https:\/\/revistazetta.com\/index.php?rest_route=\/wp\/v2\/posts\/27744\/revisions"}],"wp:featuredmedia":[{"embeddable":true,"href":"https:\/\/revistazetta.com\/index.php?rest_route=\/wp\/v2\/media\/27745"}],"wp:attachment":[{"href":"https:\/\/revistazetta.com\/index.php?rest_route=%2Fwp%2Fv2%2Fmedia&parent=27744"}],"wp:term":[{"taxonomy":"category","embeddable":true,"href":"https:\/\/revistazetta.com\/index.php?rest_route=%2Fwp%2Fv2%2Fcategories&post=27744"},{"taxonomy":"post_tag","embeddable":true,"href":"https:\/\/revistazetta.com\/index.php?rest_route=%2Fwp%2Fv2%2Ftags&post=27744"}],"curies":[{"name":"wp","href":"https:\/\/api.w.org\/{rel}","templated":true}]}}