{"id":27748,"date":"2018-10-09T09:09:29","date_gmt":"2018-10-09T14:09:29","guid":{"rendered":"http:\/\/www.revistazetta.com\/?p=27748"},"modified":"2018-10-09T15:11:22","modified_gmt":"2018-10-09T20:11:22","slug":"aniversario-conservador-llega-momento-especial-cartagena","status":"publish","type":"post","link":"https:\/\/revistazetta.com\/?p=27748","title":{"rendered":"Aniversario conservador llega en un momento especial en Cartagena"},"content":{"rendered":"<p>El partido Conservador celebra por estos d\u00edas sus 169 a\u00f1os, y la fecha le toma en un momento especial en Cartagena y Bol\u00edvar, donde tiene alcalde encargado, alcalde suspendido, una senadora, dos representantes a la C\u00e1mara, cuatro concejales activos, dos concejales destituidos, dos diputados, uno de ellos presidente de la Asamblea, cinco ediles, uno de ellos presidente de la JAL 1, y acaban de elegir presidente del Concejo 2019.<\/p>\n<p>Seg\u00fan los historiadores, el 4 de octubre se public\u00f3 el manifiesto conservador de la pluma de Mariano Ospina Rodr\u00edguez y Jos\u00e9 Eusebio Caro, y los directivos est\u00e1n invitando a la celebraci\u00f3n oficial este mi\u00e9rcoles 10 de octubre, en el sal\u00f3n Esmeralda del hotel Tequendama de Bogot\u00e1.<\/p>\n<p>Hoy los conservadores son amos de la Alcald\u00eda de Cartagena, que ganaron en las urnas el pasado 6 de mayo con Antonio Quinto Guerra, pero tras su suspensi\u00f3n y un breve periodo bajo el encargo de Yolanda Wong, a quien se asocia con el partido de la U, lleg\u00f3 la designaci\u00f3n formal de Pedrito Pereira, presentado en una terna enviada por el partido Conservador.<\/p>\n<p>En las elecciones de marzo pasado, retuvieron un esca\u00f1o en el Senado con Nadia Blel Scaff y eligieron dos representantes a la C\u00e1mara con alt\u00edsima votaci\u00f3n: Yamilito Arana y Emeterio Montes. Antes solo ten\u00edan una curul con Pedrito Pereira.<\/p>\n<p>En la Asamblea, tienen al actual presidente con Miguel Cu\u00e9ter Jersaty, y el otro diputado es Andr\u00e9s Montes.<\/p>\n<p>En el Concejo, siguen siendo la bancada mayoritaria. Ten\u00edan seis concejales, pero Zaith Adechine y Jorge Useche quedaron fuera por decisiones judiciales.<\/p>\n<p>Entre los cuatro concejales actuales, uno de ellos \u2013\u00d3scar Mar\u00edn- acaba de ser elegido presidente de la Corporaci\u00f3n para 2019.<\/p>\n<p>El actual gobernador de Bol\u00edvar, Dumek Turbay, fue avalado por el partido Liberal pero cont\u00f3 con el apoyo de los conservadores, as\u00ed que tambi\u00e9n tienen una cuota de poder en la Gobernaci\u00f3n de Bol\u00edvar.<\/p>\n<p>En la JAL 1, el presidente actual es el l\u00edder comunitario Federico de la Rosa.<\/p>\n","protected":false},"excerpt":{"rendered":"<p>El partido Conservador celebra por estos d\u00edas sus 169 a\u00f1os, y la fecha le toma en un momento especial en Cartagena y Bol\u00edvar, donde tiene alcalde encargado, alcalde suspendido, una senadora, dos representantes a la C\u00e1mara, cuatro concejales activos, dos concejales destituidos, dos diputados, uno de ellos presidente de la Asamblea, cinco ediles, uno de ellos presidente de la JAL 1, y acaban de elegir presidente del Concejo 2019. Seg\u00fan los historiadores, el 4 de octubre se public\u00f3 el manifiesto conservador de la pluma de Mariano Ospina Rodr\u00edguez y Jos\u00e9&#8230; <\/p>\n","protected":false},"author":3,"featured_media":27749,"comment_status":"open","ping_status":"closed","sticky":false,"template":"","format":"standard","meta":{"footnotes":"","_links_to":"","_links_to_target":""},"categories":[75,26,4],"tags":[],"class_list":["post-27748","post","type-post","status-publish","format-standard","has-post-thumbnail","hentry","category-destacada","category-politica-noticias","category-politica"],"_links":{"self":[{"href":"https:\/\/revistazetta.com\/index.php?rest_route=\/wp\/v2\/posts\/27748","targetHints":{"allow":["GET"]}}],"collection":[{"href":"https:\/\/revistazetta.com\/index.php?rest_route=\/wp\/v2\/posts"}],"about":[{"href":"https:\/\/revistazetta.com\/index.php?rest_route=\/wp\/v2\/types\/post"}],"author":[{"embeddable":true,"href":"https:\/\/revistazetta.com\/index.php?rest_route=\/wp\/v2\/users\/3"}],"replies":[{"embeddable":true,"href":"https:\/\/revistazetta.com\/index.php?rest_route=%2Fwp%2Fv2%2Fcomments&post=27748"}],"version-history":[{"count":0,"href":"https:\/\/revistazetta.com\/index.php?rest_route=\/wp\/v2\/posts\/27748\/revisions"}],"wp:featuredmedia":[{"embeddable":true,"href":"https:\/\/revistazetta.com\/index.php?rest_route=\/wp\/v2\/media\/27749"}],"wp:attachment":[{"href":"https:\/\/revistazetta.com\/index.php?rest_route=%2Fwp%2Fv2%2Fmedia&parent=27748"}],"wp:term":[{"taxonomy":"category","embeddable":true,"href":"https:\/\/revistazetta.com\/index.php?rest_route=%2Fwp%2Fv2%2Fcategories&post=27748"},{"taxonomy":"post_tag","embeddable":true,"href":"https:\/\/revistazetta.com\/index.php?rest_route=%2Fwp%2Fv2%2Ftags&post=27748"}],"curies":[{"name":"wp","href":"https:\/\/api.w.org\/{rel}","templated":true}]}}