{"id":27756,"date":"2018-10-10T05:14:12","date_gmt":"2018-10-10T10:14:12","guid":{"rendered":"http:\/\/www.revistazetta.com\/?p=27756"},"modified":"2018-10-10T05:14:12","modified_gmt":"2018-10-10T10:14:12","slug":"orbita-politica-john-zamora-miercoles-10-octubre-2018","status":"publish","type":"post","link":"https:\/\/revistazetta.com\/?p=27756","title":{"rendered":"\u00d3rbita Pol\u00edtica de John Zamora \u2013 mi\u00e9rcoles 10 de octubre 2018"},"content":{"rendered":"<p><strong>Para apagar el incendio en Distriseguridad<\/strong><\/p>\n<p>El alcalde Pedrito Pereira apag\u00f3 bien pronto el incendio en Ditriseguridad, tas la sonada renuncia del capit\u00e1n retirado V\u00edctor Hugo Arango por tomarse una selfie con la madame.<\/p>\n<p>Mientras nombra a alguien en propiedad, design\u00f3 como encargado de la Direcci\u00f3n a Enver D\u00edaz Escand\u00f3n, hijo del exconcejal Alfredo D\u00edaz Ram\u00edrez, quien viene trabajando all\u00ed como Director Operativo, a donde lleg\u00f3 tras ser candidato a la C\u00e1mara por el partido Conservador.<\/p>\n<p>&nbsp;<\/p>\n<p><strong>Una luz por la infancia<\/strong><\/p>\n<p>\u201cHoy encendemos una luz por todos los menores del pa\u00eds que son v\u00edctimas de cr\u00edmenes atroces y de la violencia. No queremos que se apaguen m\u00e1s vidas de nuestros ni\u00f1o, ni\u00f1as y adolescentes\u201d. Con esta inspiradora frase, la senadora Nadia Blel acompa\u00f1\u00f3 un simb\u00f3lico acto donde varios congresistas encendieron velas por la infancia.<\/p>\n<p>\u201cEs inaceptable que en el pa\u00eds nuestros ni\u00f1os seas asesinados, secuestrados y abusados sexualmente. Le pedimos a todas instituciones y autoridades mayor celeridad y contundencia en la justicia, para que estos delitos no queden impunes\u201d, dijo en su cuenta de Twitter, donde tambi\u00e9n celebr\u00f3 la libraci\u00f3n del ni\u00f1o Cristo Jos\u00e9 en Norte de Santander.<\/p>\n<p>\u201cQue alegr\u00eda nos da saber que el peque\u00f1o Cristo Jos\u00e9 est\u00e1 de nuevo en casa con su familia. Seguiremos luchando para que nuestros ni\u00f1os, ni\u00f1as y adolescentes no sean v\u00edctimas de la violencia\u201d.<\/p>\n<p>&nbsp;<\/p>\n<p><strong>Recuerdos naranjas<\/strong><\/p>\n<p>El senador Andr\u00e9s Felipe Garc\u00eda Zuccardi estuvo en el Palacio de Nari\u00f1o, donde se cumpli\u00f3 una reuni\u00f3n de la bandada del partido de la U con el Presidente Iv\u00e1n Duque. En el saludo personal, recordaron que trabajaron conjuntamente la ley de la Econom\u00eda Naranja cuando compartieron curul en el Senado. En su cuenta de Instagram, Garc\u00eda escribi\u00f3: \u201c\u00a1Trabajamos por crear m\u00e1s y mejores oportunidades de empleo, empleabilidad y emprendimiento!\u201d.<\/p>\n","protected":false},"excerpt":{"rendered":"<p>Para apagar el incendio en Distriseguridad El alcalde Pedrito Pereira apag\u00f3 bien pronto el incendio en Ditriseguridad, tas la sonada renuncia del capit\u00e1n retirado V\u00edctor Hugo Arango por tomarse una selfie con la madame. Mientras nombra a alguien en propiedad, design\u00f3 como encargado de la Direcci\u00f3n a Enver D\u00edaz Escand\u00f3n, hijo del exconcejal Alfredo D\u00edaz Ram\u00edrez, quien viene trabajando all\u00ed como Director Operativo, a donde lleg\u00f3 tras ser candidato a la C\u00e1mara por el partido Conservador. &nbsp; Una luz por la infancia \u201cHoy encendemos una luz por todos los menores&#8230; <\/p>\n","protected":false},"author":3,"featured_media":27757,"comment_status":"open","ping_status":"closed","sticky":false,"template":"","format":"standard","meta":{"footnotes":"","_links_to":"","_links_to_target":""},"categories":[75,47,44,45],"tags":[],"class_list":["post-27756","post","type-post","status-publish","format-standard","has-post-thumbnail","hentry","category-destacada","category-john-zamora","category-materiagris","category-orbita"],"_links":{"self":[{"href":"https:\/\/revistazetta.com\/index.php?rest_route=\/wp\/v2\/posts\/27756","targetHints":{"allow":["GET"]}}],"collection":[{"href":"https:\/\/revistazetta.com\/index.php?rest_route=\/wp\/v2\/posts"}],"about":[{"href":"https:\/\/revistazetta.com\/index.php?rest_route=\/wp\/v2\/types\/post"}],"author":[{"embeddable":true,"href":"https:\/\/revistazetta.com\/index.php?rest_route=\/wp\/v2\/users\/3"}],"replies":[{"embeddable":true,"href":"https:\/\/revistazetta.com\/index.php?rest_route=%2Fwp%2Fv2%2Fcomments&post=27756"}],"version-history":[{"count":0,"href":"https:\/\/revistazetta.com\/index.php?rest_route=\/wp\/v2\/posts\/27756\/revisions"}],"wp:featuredmedia":[{"embeddable":true,"href":"https:\/\/revistazetta.com\/index.php?rest_route=\/wp\/v2\/media\/27757"}],"wp:attachment":[{"href":"https:\/\/revistazetta.com\/index.php?rest_route=%2Fwp%2Fv2%2Fmedia&parent=27756"}],"wp:term":[{"taxonomy":"category","embeddable":true,"href":"https:\/\/revistazetta.com\/index.php?rest_route=%2Fwp%2Fv2%2Fcategories&post=27756"},{"taxonomy":"post_tag","embeddable":true,"href":"https:\/\/revistazetta.com\/index.php?rest_route=%2Fwp%2Fv2%2Ftags&post=27756"}],"curies":[{"name":"wp","href":"https:\/\/api.w.org\/{rel}","templated":true}]}}