{"id":27788,"date":"2018-10-10T18:30:32","date_gmt":"2018-10-10T23:30:32","guid":{"rendered":"http:\/\/www.revistazetta.com\/?p=27788"},"modified":"2018-10-10T18:30:32","modified_gmt":"2018-10-10T23:30:32","slug":"emprendimiento-no-izquierda-derecha-presidente-ivan-duque","status":"publish","type":"post","link":"https:\/\/revistazetta.com\/?p=27788","title":{"rendered":"El emprendimiento no es de izquierda ni de derecha: Presidente Iv\u00e1n Duque"},"content":{"rendered":"<p>El Presidente Iv\u00e1n Duque subray\u00f3 este mi\u00e9rcoles, en la instalaci\u00f3n de la XXIV Reuni\u00f3n Plenaria del C\u00edrculo de Montevideo, que el emprendimiento no es de izquierda ni de derecha.<\/p>\n<p>El Presidente se refiri\u00f3 a los \u201cismos\u201d de la era actual y habl\u00f3 del ideologismo, que \u201ces la terquedad de tratar de centrarse en izquierdas y derechas para polarizar los ambientes colectivos, cuando adecuarse a la Revoluci\u00f3n Industrial lo que demuestra es la vigencia propia y la necesidad urgente del centro\u201d.<\/p>\n<p>\u201c\u00bfQui\u00e9n ha dicho acaso que la seguridad es de izquierda o de derecha? La seguridad es un bien p\u00fablico a partir del cual se garantiza el pleno ejercicio de las libertades\u201d, dijo.<\/p>\n<p>Se pregunt\u00f3 tambi\u00e9n \u201c\u00bfqui\u00e9n ha dicho que el emprendimiento es de izquierda o de derecha, cuando las sociedades necesitan tener vigorosamente emprendedores capaces de generar empleos de calidad?\u201d.<\/p>\n<p>El Mandatario recalc\u00f3 que las plataformas tecnol\u00f3gicas y sistemas de procesamiento de datos cambiaron dram\u00e1ticamente la velocidad de los procesos a partir de 2007, y a\u00f1adi\u00f3 que esos fen\u00f3menos tambi\u00e9n pueden cambiar completamente la manera en la que se administra el Estado y la forma en la que el ciudadano se conecta con el Estado.<\/p>\n<p>Se\u00f1al\u00f3 que \u201ctodo ello demanda que la pol\u00edtica cambie tambi\u00e9n. La pol\u00edtica se est\u00e1 quedando atr\u00e1s frente a todas estas transformaciones. El mundo crece aceleradamente y la pol\u00edtica sigue con las costumbres viejas y obsoletas\u201d, indic\u00f3.<\/p>\n<p>Explic\u00f3 que nunca le ha tenido miedo a denominarse miembro del centro radical.<\/p>\n<p>\u201cYo me considero de extremo centro porque creo en los equilibrios\u201d, dijo.<\/p>\n<p>Finalmente el Presidente Duque tambi\u00e9n habl\u00f3 de la paz.<\/p>\n<p>\u201cYo creo en la paz. Yo creo que Colombia requiere construir una paz que nos una, donde no nos sigamos estigmatizando entre amigos y enemigos de la paz. Todos la queremos y todos vamos a trabajar por ella bajo los principios de verdad, justicia, reparaci\u00f3n y no repetici\u00f3n\u201d, concluy\u00f3 el Mandatario.<\/p>\n<p>El evento se desarroll\u00f3 en la sede norte de la C\u00e1mara y Comercio de Bogot\u00e1, con la asistencia de la Presidenta del organismo, M\u00f3nica de Greiff; los ex presidentes Julio Mar\u00eda Sanguinetti (Uruguay), Ricardo Lagos (Chile), Felipe Gonz\u00e1lez (Espa\u00f1a), Leonel Fern\u00e1ndez (Rep\u00fablica Dominicana), Belisario Betancur y C\u00e9sar Gaviria (Colombia), el ex presidente del Banco Interamericano de Desarrollo (BID), Enrique Iglesias; el empresario mexicano Carlos Slim y el l\u00edder pol\u00edtico espa\u00f1ol Albert Rivera.<\/p>\n<p>El C\u00edrculo de Montevideo es un grupo de pensamiento que naci\u00f3 en 1996 por iniciativa del entonces Presidente Sanguinetti. Entre sus miembros se encuentran ex gobernantes de Am\u00e9rica Latina y Europa, dirigentes de organizaciones internacionales y organismos multilaterales de cr\u00e9dito, y empresarios.<\/p>\n","protected":false},"excerpt":{"rendered":"<p>El Presidente Iv\u00e1n Duque subray\u00f3 este mi\u00e9rcoles, en la instalaci\u00f3n de la XXIV Reuni\u00f3n Plenaria del C\u00edrculo de Montevideo, que el emprendimiento no es de izquierda ni de derecha. El Presidente se refiri\u00f3 a los \u201cismos\u201d de la era actual y habl\u00f3 del ideologismo, que \u201ces la terquedad de tratar de centrarse en izquierdas y derechas para polarizar los ambientes colectivos, cuando adecuarse a la Revoluci\u00f3n Industrial lo que demuestra es la vigencia propia y la necesidad urgente del centro\u201d. \u201c\u00bfQui\u00e9n ha dicho acaso que la seguridad es de izquierda&#8230; <\/p>\n","protected":false},"author":3,"featured_media":27789,"comment_status":"open","ping_status":"closed","sticky":false,"template":"","format":"standard","meta":{"footnotes":"","_links_to":"","_links_to_target":""},"categories":[2,35],"tags":[],"class_list":["post-27788","post","type-post","status-publish","format-standard","has-post-thumbnail","hentry","category-actualidad","category-actualidad-nacion"],"_links":{"self":[{"href":"https:\/\/revistazetta.com\/index.php?rest_route=\/wp\/v2\/posts\/27788","targetHints":{"allow":["GET"]}}],"collection":[{"href":"https:\/\/revistazetta.com\/index.php?rest_route=\/wp\/v2\/posts"}],"about":[{"href":"https:\/\/revistazetta.com\/index.php?rest_route=\/wp\/v2\/types\/post"}],"author":[{"embeddable":true,"href":"https:\/\/revistazetta.com\/index.php?rest_route=\/wp\/v2\/users\/3"}],"replies":[{"embeddable":true,"href":"https:\/\/revistazetta.com\/index.php?rest_route=%2Fwp%2Fv2%2Fcomments&post=27788"}],"version-history":[{"count":0,"href":"https:\/\/revistazetta.com\/index.php?rest_route=\/wp\/v2\/posts\/27788\/revisions"}],"wp:featuredmedia":[{"embeddable":true,"href":"https:\/\/revistazetta.com\/index.php?rest_route=\/wp\/v2\/media\/27789"}],"wp:attachment":[{"href":"https:\/\/revistazetta.com\/index.php?rest_route=%2Fwp%2Fv2%2Fmedia&parent=27788"}],"wp:term":[{"taxonomy":"category","embeddable":true,"href":"https:\/\/revistazetta.com\/index.php?rest_route=%2Fwp%2Fv2%2Fcategories&post=27788"},{"taxonomy":"post_tag","embeddable":true,"href":"https:\/\/revistazetta.com\/index.php?rest_route=%2Fwp%2Fv2%2Ftags&post=27788"}],"curies":[{"name":"wp","href":"https:\/\/api.w.org\/{rel}","templated":true}]}}