{"id":27793,"date":"2018-10-11T07:59:21","date_gmt":"2018-10-11T12:59:21","guid":{"rendered":"http:\/\/www.revistazetta.com\/?p=27793"},"modified":"2018-10-11T07:59:21","modified_gmt":"2018-10-11T12:59:21","slug":"carlos-caicedo-propone-al-gobierno-seis-alternativas-mejorar-la-educacion-publica","status":"publish","type":"post","link":"https:\/\/revistazetta.com\/?p=27793","title":{"rendered":"Carlos Caicedo propone al gobierno seis alternativas para mejorar la educaci\u00f3n p\u00fablica"},"content":{"rendered":"<p>El exrector de la Universidad del Magdalena Carlos Caicedo y el movimiento Fuerza Ciudadana marcharon este mi\u00e9rcoles en defensa de la universidad p\u00fablica, acci\u00f3n por medio de la cual exigi\u00f3 mayor inversi\u00f3n a la academia por parte del gobierno nacional, al que tambi\u00e9n le propuso seis alternativas para mejorar la educaci\u00f3n oficial en el pa\u00eds.<\/p>\n<p>As\u00ed lo inform\u00f3 quien tambi\u00e9n fuera exalcalde de Santa Marta y excandidato presidencial a trav\u00e9s de un comunicado, el cual reiter\u00f3 durante la v\u00eda de hecho, especificando su prop\u00f3sito en dicha protesta, teniendo en cuenta que Fuerza es una estructura de origen universitaria, fundada en las entra\u00f1as de la citada alma mater, que fue refundada, recuperada y transformada por Caicedo, quien la posicion\u00f3 como una de las mejores instituciones de educaci\u00f3n superior en Colombia.<\/p>\n<p>De acuerdo con el exrector universitario, las movilizaciones responden a un d\u00e9ficit en la educaci\u00f3n p\u00fablica universitaria estimada en 4,5 billones de pesos en funcionamiento y 15 billones en infraestructura, de acuerdo con el Sistema Universitario Estatal (SUE). Por tal motivo, solicit\u00f3: \u201cPrimero, que se reconozcan los cinco puntos del Pliego que moviliza hoy a las Universidades del pa\u00eds; segundo, que se asignen 4.5 billones para universidades e ITT\u2019s del sistema p\u00fablico para terminar el a\u00f1o; tercero, que se establezca un plan de pago de la deuda hist\u00f3rica con las universidades p\u00fablicas por m\u00e1s de 15 billones de pesos; cuarto, que se apruebe una tasa de inter\u00e9s en 0% para cr\u00e9ditos del Icetex; quinto, el congelamiento de matr\u00edculas para estudiantes en las universidades privadas; sexto, se fortalezca la ciencia y tecnolog\u00ed\u00e1 a trav\u00e9s del aumento del presupuesto para Colciencias en programas regionalizados\u201d.<\/p>\n<p>\u201cEstamos convencidos que la soluci\u00f3n estructural al recurrente problema de la des financiaci\u00f3n de la universidad p\u00fablica es que el Estado central proporcione los recursos econ\u00f3micos necesarios para que la educaci\u00f3n p\u00fablica superior sea gratuita y de calidad para todos los bachilleres de colegios oficiales donde estudian la mayor\u00eda de los j\u00f3venes que tienen bajas posibilidades de ingresar a la Universidad por limitaciones econ\u00f3micas\u201d, indic\u00f3 el exrector Carlos Caicedo.<\/p>\n<p><strong>EL APOYO NO ES UN TEMA POL\u00cdTICO SINO UN TEMA DE CONCIENCIA<\/strong><br \/>\nIgualmente, confirm\u00f3 el compromiso con la formaci\u00f3n de la ciudadan\u00eda \u201ccomo la principal herramienta para superar la desigualdad\u201d, asimismo, se enfatiza la labor realizada en la Unimagdalena, la cual sacaron de la m\u00e1s profunda crisis de su historia.<\/p>\n<p>\u201cTrabajamos con la mayor entrega por casi 10 a\u00f1os en la recuperaci\u00f3n y transformaci\u00f3n de la Universidad del Magdalena y el acceso con calidad de miles de j\u00f3venes a programas pertinentes. La salvamos de la crisis financiera que la tuvo al borde de su liquidaci\u00f3n. La reorganizamos administrativamente, saneamos los principales pasivos, aumentando trasferencias a la base, generamos super\u00e1vits para la inversi\u00f3n y logramos la aprobaci\u00f3n de la Estampilla Pro-Refundaci\u00f3n de la Universidad, por 100 mil millones de pesos, que se recaudan en los municipios del Departamento del Magdalena que la aprobaron y de la ciudad de Santa Marta\u201d, apunt\u00f3.<\/p>\n<p>A su vez, sostuvo: \u201cDise\u00f1amos y construimos de las ruinas un campus digno para la comunidad. Creamos m\u00e1s de 14 nuevos programas en pregrado que son los de mayor demanda, y el ciclo general para reforzar competencias, consolidamos un sistema de equidad para que los m\u00e1s pobres pudieran estudiar sin pagar nada mediante cupos especiales, fortalecimos el bienestar universitario, para docentes, empleados y especialmente estudiantes\u201d.<\/p>\n<p>Finalmente, Carlos Caicedo concluy\u00f3 diciendo que \u201cdada esa convicci\u00f3n creamos el programa Universidad Polit\u00e9cnica Distrital gratuita en gesti\u00f3n, para aumentar la cobertura para los m\u00e1s vulnerables. Se convoc\u00f3\u0301 a la Universidad del Magdalena, pero la directiva anterior como la actual plegada a la Gobernaci\u00f3n y su proyecto pol\u00edtico no quiso participar, privando as\u00ed\u0301 a la instituci\u00f3n de recursos importantes y de recibir egresados en un ciclo proped\u00e9utico t\u00e9cnico y tecnol\u00f3gico\u201d.<\/p>\n","protected":false},"excerpt":{"rendered":"<p>El exrector de la Universidad del Magdalena Carlos Caicedo y el movimiento Fuerza Ciudadana marcharon este mi\u00e9rcoles en defensa de la universidad p\u00fablica, acci\u00f3n por medio de la cual exigi\u00f3 mayor inversi\u00f3n a la academia por parte del gobierno nacional, al que tambi\u00e9n le propuso seis alternativas para mejorar la educaci\u00f3n oficial en el pa\u00eds. As\u00ed lo inform\u00f3 quien tambi\u00e9n fuera exalcalde de Santa Marta y excandidato presidencial a trav\u00e9s de un comunicado, el cual reiter\u00f3 durante la v\u00eda de hecho, especificando su prop\u00f3sito en dicha protesta, teniendo en cuenta&#8230; <\/p>\n","protected":false},"author":3,"featured_media":27794,"comment_status":"open","ping_status":"closed","sticky":false,"template":"","format":"standard","meta":{"footnotes":"","_links_to":"","_links_to_target":""},"categories":[75],"tags":[],"class_list":["post-27793","post","type-post","status-publish","format-standard","has-post-thumbnail","hentry","category-destacada"],"_links":{"self":[{"href":"https:\/\/revistazetta.com\/index.php?rest_route=\/wp\/v2\/posts\/27793","targetHints":{"allow":["GET"]}}],"collection":[{"href":"https:\/\/revistazetta.com\/index.php?rest_route=\/wp\/v2\/posts"}],"about":[{"href":"https:\/\/revistazetta.com\/index.php?rest_route=\/wp\/v2\/types\/post"}],"author":[{"embeddable":true,"href":"https:\/\/revistazetta.com\/index.php?rest_route=\/wp\/v2\/users\/3"}],"replies":[{"embeddable":true,"href":"https:\/\/revistazetta.com\/index.php?rest_route=%2Fwp%2Fv2%2Fcomments&post=27793"}],"version-history":[{"count":0,"href":"https:\/\/revistazetta.com\/index.php?rest_route=\/wp\/v2\/posts\/27793\/revisions"}],"wp:featuredmedia":[{"embeddable":true,"href":"https:\/\/revistazetta.com\/index.php?rest_route=\/wp\/v2\/media\/27794"}],"wp:attachment":[{"href":"https:\/\/revistazetta.com\/index.php?rest_route=%2Fwp%2Fv2%2Fmedia&parent=27793"}],"wp:term":[{"taxonomy":"category","embeddable":true,"href":"https:\/\/revistazetta.com\/index.php?rest_route=%2Fwp%2Fv2%2Fcategories&post=27793"},{"taxonomy":"post_tag","embeddable":true,"href":"https:\/\/revistazetta.com\/index.php?rest_route=%2Fwp%2Fv2%2Ftags&post=27793"}],"curies":[{"name":"wp","href":"https:\/\/api.w.org\/{rel}","templated":true}]}}