{"id":27797,"date":"2018-10-13T07:58:12","date_gmt":"2018-10-13T12:58:12","guid":{"rendered":"http:\/\/www.revistazetta.com\/?p=27797"},"modified":"2018-10-13T07:58:12","modified_gmt":"2018-10-13T12:58:12","slug":"feria-del-bolivar-avanza-hit-final-santa-rosa-del-sur","status":"publish","type":"post","link":"https:\/\/revistazetta.com\/?p=27797","title":{"rendered":"Feria del \u00abBol\u00edvar S\u00ed Avanza\u00bb, un \u00abhit\u00bb en su final en Santa Rosa del Sur"},"content":{"rendered":"<p>Un gran \u2018hit\u2019 en generaci\u00f3n de oportunidades y alternativas de desarrollo se anot\u00f3 el Gobierno \u2018Bol\u00edvar S\u00ed Avanza\u2019, que lidera Dumek Turbay Paz, a trav\u00e9s de la Oficina de Gesti\u00f3n Social con la realizaci\u00f3n de la feria de oferta institucional \u2018Bol\u00edvar Libre de Pobreza\u2019. La convergencia de entidades y entes territoriales tuvo presencia \u00a0activa en los municipios de Cantagallo, San Pablo, Simit\u00ed, culminando en Santa Rosa Sur.<\/p>\n<p>El prop\u00f3sito desde Gesti\u00f3n Social Departamental es el de continuar trabajando de manera articulada entre entidades y las distintas administraciones. Entre las organizaciones participantes est\u00e1n, el Instituto Colombiano de Bienestar Familiar [ICBF], la Universidad Nacional Abierta y a Distancia, la Corporaci\u00f3n Universitaria Rafael N\u00fa\u00f1ez, Bancamia, Familias en Acci\u00f3n, el hospital \u2018Manuel Elkin Patarroyo\u2019 de Santa Rosa Sur, la Escuela Superior de Administraci\u00f3n P\u00fablica ESAP, Bol\u00edvar Innova, COISBOL, entre otras, adem\u00e1s de oferta de dependencias y servicios institucionales.<\/p>\n<p>Ana Milena Jim\u00e9nez Tu\u00f1\u00f3n, directora de la Oficina de Gesti\u00f3n Social, expres\u00f3 lo valioso de las jornadas efectuadas en el ZODES Magdalena Medio.<\/p>\n<p>\u201cEn Cantagallo, San Pablo, Simit\u00ed y Santa Rosa, hemos llevado alegr\u00eda, integraci\u00f3n y siendo lo m\u00e1s importante opciones de progreso en lo que respecta a lo social. Con charlas instructivas, asesor\u00edas personalizadas, actividades l\u00fadicas y capacitaciones sensibilizadoras e informativas, la poblaci\u00f3n del sur de Bol\u00edvar, agradeci\u00f3 nuestra presencia en el territorio, anim\u00e1ndonos a volver con nuevas propuestas y proyectos\u201d.<\/p>\n<p>\u201cEl balance de estos \u00faltimos cinco d\u00edas ha sido el mejor. La articulaci\u00f3n con las dem\u00e1s entidades y ofertarlas con los servicios misionales de las secretarias de Despacho de la Gobernaci\u00f3n de Bol\u00edvar en asocio con las administraciones municipales ha resultado ben\u00e9fico y productivo. Son 15 ferias las que se han llevado a cabo en a lo largo del departamento\u201d, agreg\u00f3 la funcionaria.<\/p>\n<p>Como un hecho para destacar ha sido la presencia de las familias en la feria. De las charlas educativas han participado los padres de familia en compa\u00f1\u00eda de sus hijos.<\/p>\n<p>Durante la jornada adelantada en Santa Rosa Sur, el programa \u2018Mueve Mi Futuro\u2019, hizo entrega de 44 bicicletas a igual n\u00famero de ni\u00f1os y ni\u00f1as que habitan en veredas rurales o en zonas alejadas de la cabecera municipal. Es necesario recordar que el programa en menci\u00f3n surgi\u00f3 como una soluci\u00f3n desde la Oficina de Gesti\u00f3n Social para combatir la deserci\u00f3n escolar cuando hay problemas de transporte y movilidad en el desplazamiento a las instituciones educativas.<\/p>\n<p>Como es ya sabido los ni\u00f1os beneficiados no ocultaron su alegr\u00eda al poder contar con su \u2018cicla\u2019, para as\u00ed asistir a sus clases diarias y estar en concordancia con la educaci\u00f3n como herramienta esencial de avance para las comunidades. La feria de Oferta Institucional se realiz\u00f3 con \u00e9xito en el Centro de Alto Rendimiento de Santa Rosa del Sur.<\/p>\n","protected":false},"excerpt":{"rendered":"<p>Un gran \u2018hit\u2019 en generaci\u00f3n de oportunidades y alternativas de desarrollo se anot\u00f3 el Gobierno \u2018Bol\u00edvar S\u00ed Avanza\u2019, que lidera Dumek Turbay Paz, a trav\u00e9s de la Oficina de Gesti\u00f3n Social con la realizaci\u00f3n de la feria de oferta institucional \u2018Bol\u00edvar Libre de Pobreza\u2019. La convergencia de entidades y entes territoriales tuvo presencia \u00a0activa en los municipios de Cantagallo, San Pablo, Simit\u00ed, culminando en Santa Rosa Sur. El prop\u00f3sito desde Gesti\u00f3n Social Departamental es el de continuar trabajando de manera articulada entre entidades y las distintas administraciones. Entre las organizaciones&#8230; <\/p>\n","protected":false},"author":3,"featured_media":27798,"comment_status":"open","ping_status":"closed","sticky":false,"template":"","format":"standard","meta":{"footnotes":"","_links_to":"","_links_to_target":""},"categories":[80],"tags":[],"class_list":["post-27797","post","type-post","status-publish","format-standard","has-post-thumbnail","hentry","category-region"],"_links":{"self":[{"href":"https:\/\/revistazetta.com\/index.php?rest_route=\/wp\/v2\/posts\/27797","targetHints":{"allow":["GET"]}}],"collection":[{"href":"https:\/\/revistazetta.com\/index.php?rest_route=\/wp\/v2\/posts"}],"about":[{"href":"https:\/\/revistazetta.com\/index.php?rest_route=\/wp\/v2\/types\/post"}],"author":[{"embeddable":true,"href":"https:\/\/revistazetta.com\/index.php?rest_route=\/wp\/v2\/users\/3"}],"replies":[{"embeddable":true,"href":"https:\/\/revistazetta.com\/index.php?rest_route=%2Fwp%2Fv2%2Fcomments&post=27797"}],"version-history":[{"count":0,"href":"https:\/\/revistazetta.com\/index.php?rest_route=\/wp\/v2\/posts\/27797\/revisions"}],"wp:featuredmedia":[{"embeddable":true,"href":"https:\/\/revistazetta.com\/index.php?rest_route=\/wp\/v2\/media\/27798"}],"wp:attachment":[{"href":"https:\/\/revistazetta.com\/index.php?rest_route=%2Fwp%2Fv2%2Fmedia&parent=27797"}],"wp:term":[{"taxonomy":"category","embeddable":true,"href":"https:\/\/revistazetta.com\/index.php?rest_route=%2Fwp%2Fv2%2Fcategories&post=27797"},{"taxonomy":"post_tag","embeddable":true,"href":"https:\/\/revistazetta.com\/index.php?rest_route=%2Fwp%2Fv2%2Ftags&post=27797"}],"curies":[{"name":"wp","href":"https:\/\/api.w.org\/{rel}","templated":true}]}}