{"id":27799,"date":"2018-10-13T08:03:53","date_gmt":"2018-10-13T13:03:53","guid":{"rendered":"http:\/\/www.revistazetta.com\/?p=27799"},"modified":"2018-10-13T08:03:53","modified_gmt":"2018-10-13T13:03:53","slug":"genesis-una-nueva-justicia-opinion-carlos-feliz-monsalve","status":"publish","type":"post","link":"https:\/\/revistazetta.com\/?p=27799","title":{"rendered":"G\u00e9nesis, para una nueva Justicia &#8211; Opini\u00f3n de Carlos F\u00e9liz Monsalve"},"content":{"rendered":"<p><strong><span style=\"color: #000080;\">Por\u00a0Carlos F\u00e9liz Monsalve (Especial para Revista Zetta).-<\/span>\u00a0<\/strong>Atroz, quiz\u00e1s esta palabra no encasille dentro de su definici\u00f3n, la conducta despreciable y los hechos que tuvo que soportar la menor G\u00e9nesis R\u00faa por parte de su victimario, cuando de forma aberrante y sin justificaci\u00f3n alguna le arrebat\u00f3 la vida.<\/p>\n<p>Este nuevo episodio de violencia contra nuestros ni\u00f1os, dej\u00f3 perplejo a todo el pa\u00eds, por lo cruel y reprochable de la conducta desplegada por el se\u00f1or Adolfo Arrieta Garc\u00eda, quien guiado por los instintos de una bestia, atropell\u00f3 la alegr\u00eda de una familia.<\/p>\n<p>Ahora el debate se centra nuevamente en el recrudecimiento de las penas, para quienes atenten contra la integridad de los menores. El presidente Iv\u00e1n Duque ya se pronunci\u00f3 frente al tema, y enfatiz\u00f3 en la necesidad de promover un proyecto de acto legislativo, que introduzca una modificaci\u00f3n al art\u00edculo 34 de la Constituci\u00f3n Pol\u00edtica, que proh\u00edbe las penas de destierro, <strong><u>prisi\u00f3n perpetua<\/u><\/strong>\u00a0y confiscaci\u00f3n.<\/p>\n<p>Este acto reflejo se suma a otras propuestas presentadas por congresistas en diferentes periodos, en las que se buscaba tambi\u00e9n imponer penas coherentes contra quien abuse o vulnere el estado de indefensi\u00f3n de un ni\u00f1o, no obstante a ello, y como si se tratase de un mon\u00f3logo, todos las iniciativas de ese tipo quedaron recluidas dentro de los archivos del parlamento.<\/p>\n<p>Y es que la historia nos permite corroborar lo expuesto: en el mes de diciembre del a\u00f1o 2016, el pa\u00eds se estremeci\u00f3 con la muerte de la ni\u00f1a Yuliana Andrea Sambon\u00ed, a manos de su agresor, situaci\u00f3n que gener\u00f3 indignaci\u00f3n y resucit\u00f3 en ese momento el debate sobre la aprobaci\u00f3n de la cadena perpet\u00faa, castraci\u00f3n qu\u00edmica o pena de muerte para agresores de ni\u00f1os y ni\u00f1as, sin embargo, a la fecha seguimos sin encontrar una soluci\u00f3n de fondo a estas conductas, pues el padecimiento de estos males parece no tener fin y con tendencia a incrementar.<\/p>\n<p>Para algunos la ineficacia en la toma de una decisi\u00f3n contundente frente a este tema, se debe \u00fanica y exclusivamente al populismo pol\u00edtico con el que se toman estos acontecimientos; empero, a mi juicio esto obedece a un problema de fondo que incluso puede perjudicarnos a todos como ciudadanos, y es la deficiencia que prevalece en nuestro sistema judicial, pues existe un gran porcentaje de errores procesales que dejan como saldos privaciones injustas de la libertad, lo que terminar\u00eda siendo m\u00e1s gravosa que el delito a castigar.<\/p>\n<p>Bajo ese orden de ideas, no ser\u00eda del todo dable establecer sanciones que vulneren la vida o lesionen al procesado, si en Colombia existen un gran margen de error en las condenas, algunos ligados por homonimia, complexi\u00f3n f\u00edsica similar al del victimario e incluso por estar a la hora y el lugar equivocado. As\u00ed como a la fecha, no resultar\u00eda conveniente soportar la condena perpetua de reclusos, si estimamos que el hacinamiento carcelario se ha convertido en una problem\u00e1tica sin soluci\u00f3n, sumado al alto costo que generar\u00eda una poblaci\u00f3n penitenciaria a perpetuidad -gastos que indefectiblemente deber\u00e1n ser acarreados por nosotros en nuestra condici\u00f3n de contribuyentes-.<\/p>\n<p>Con lo anterior no quiero dar a entender mi desacuerdo con una justicia pronta, contundente y oportuna, sino por el contrario, como ciudadano activo quiero ayudar a construir una justicia que haga alusi\u00f3n a sus postulados, pues la <strong><u>verdad<\/u><\/strong>sobre todas las cosas debe imperar. La p\u00e9rdida de una vida, en especial la de nuestros ni\u00f1os, no ser\u00e1 compensada con la imposici\u00f3n de una pena perdurable, quitar la vida o lesionar a quien presuntamente cometi\u00f3 el punible, si no se tienen los elementos probatorios pertinentes, que le permitan conocer a sus familiares el contexto en el que sucedi\u00f3 el crimen y conlleven a identificar e individualizar sin asomo de dudas su autor, garant\u00edas m\u00ednimas del derecho penal. Es de recordar que la seguridad jur\u00eddica no se basa exclusivamente en imponer condenas, sino tambi\u00e9n de respetar la libertad de quien es inocente.<\/p>\n<p>As\u00ed mismo, y de forma simultanea, el Estado debe poner en marcha mecanismos de prevenci\u00f3n, como la construcci\u00f3n de pol\u00edticas p\u00fablicas, que est\u00e9n respaldadas con los recursos suficientes, que permitan iniciar procesos educativos, de salud mental, de reducci\u00f3n de consumo de estupefacientes, entre otros, que a largo plazo entreguen como resultado la refacci\u00f3n de una renacida sociedad.<\/p>\n<p>Esta justicia en reconstrucci\u00f3n, debe tener un contenido sancionador residual, es decir, el Estado no debe ser un convidado de piedra que solo muestra vestigios de acci\u00f3n, una vez se ve perturbado el orden justo; debe reinventar la forma de impartir la justicia que por el pacto social reside en su cabeza, permiti\u00e9ndole a la nuevas generaciones gozar de un contexto m\u00e1s ajustado a su realidad, donde la protecci\u00f3n de los derechos sea real, con la promoci\u00f3n de campa\u00f1as de concientizaci\u00f3n, trabajos comunitarios de impacto y el cambio de la mentalidad beligerante y oportunista que en ciertos escenarios es el detonante de las cat\u00e1strofes sociales.<\/p>\n<p>De acuerdo con lo anterior, la educaci\u00f3n no solo se dicta en las aulas de clase de una instituci\u00f3n educativa, sino tambi\u00e9n dentro de nuestros hogares, donde debemos ense\u00f1arles a nuestros ni\u00f1os, el amor por los semejantes, el respeto a la vida y que nuestros derechos como ciudadanos terminan donde inician los del pr\u00f3jimo, para formar ciudadanos conscientes, llevaderos y sin resentimientos.<\/p>\n<p>Con altas dosis de este proceso de transformaci\u00f3n, vamos a modificar el tejido social de todos, contribuyendo a la construcci\u00f3n de sociedades mas indulgentes, resilientes y productivas, que den paso al G\u00e9nesis de una nueva justicia, sin perder de vista que con estos trazos de acciones preventivas y de preservaci\u00f3n, no se estar\u00eda dejando a un lado el derecho penal, el cual deber\u00e1 ser siempre correlativa al delito cometido, m\u00e1s <u>NO<\/u>retributivo.<\/p>\n<p><strong>CARLOS FELIZ MONSALVE<\/strong><\/p>\n<p>&nbsp;<\/p>\n<p>&nbsp;<\/p>\n<p>&nbsp;<\/p>\n<p>&nbsp;<\/p>\n<p>&nbsp;<\/p>\n<p>&nbsp;<\/p>\n<p>&nbsp;<\/p>\n<p>&nbsp;<\/p>\n<p>&nbsp;<\/p>\n","protected":false},"excerpt":{"rendered":"<p>Por\u00a0Carlos F\u00e9liz Monsalve (Especial para Revista Zetta).-\u00a0Atroz, quiz\u00e1s esta palabra no encasille dentro de su definici\u00f3n, la conducta despreciable y los hechos que tuvo que soportar la menor G\u00e9nesis R\u00faa por parte de su victimario, cuando de forma aberrante y sin justificaci\u00f3n alguna le arrebat\u00f3 la vida. Este nuevo episodio de violencia contra nuestros ni\u00f1os, dej\u00f3 perplejo a todo el pa\u00eds, por lo cruel y reprochable de la conducta desplegada por el se\u00f1or Adolfo Arrieta Garc\u00eda, quien guiado por los instintos de una bestia, atropell\u00f3 la alegr\u00eda de una familia&#8230;. <\/p>\n","protected":false},"author":3,"featured_media":27800,"comment_status":"open","ping_status":"closed","sticky":false,"template":"","format":"standard","meta":{"footnotes":"","_links_to":"","_links_to_target":""},"categories":[75,44,65],"tags":[],"class_list":["post-27799","post","type-post","status-publish","format-standard","has-post-thumbnail","hentry","category-destacada","category-materiagris","category-opinion"],"_links":{"self":[{"href":"https:\/\/revistazetta.com\/index.php?rest_route=\/wp\/v2\/posts\/27799","targetHints":{"allow":["GET"]}}],"collection":[{"href":"https:\/\/revistazetta.com\/index.php?rest_route=\/wp\/v2\/posts"}],"about":[{"href":"https:\/\/revistazetta.com\/index.php?rest_route=\/wp\/v2\/types\/post"}],"author":[{"embeddable":true,"href":"https:\/\/revistazetta.com\/index.php?rest_route=\/wp\/v2\/users\/3"}],"replies":[{"embeddable":true,"href":"https:\/\/revistazetta.com\/index.php?rest_route=%2Fwp%2Fv2%2Fcomments&post=27799"}],"version-history":[{"count":0,"href":"https:\/\/revistazetta.com\/index.php?rest_route=\/wp\/v2\/posts\/27799\/revisions"}],"wp:featuredmedia":[{"embeddable":true,"href":"https:\/\/revistazetta.com\/index.php?rest_route=\/wp\/v2\/media\/27800"}],"wp:attachment":[{"href":"https:\/\/revistazetta.com\/index.php?rest_route=%2Fwp%2Fv2%2Fmedia&parent=27799"}],"wp:term":[{"taxonomy":"category","embeddable":true,"href":"https:\/\/revistazetta.com\/index.php?rest_route=%2Fwp%2Fv2%2Fcategories&post=27799"},{"taxonomy":"post_tag","embeddable":true,"href":"https:\/\/revistazetta.com\/index.php?rest_route=%2Fwp%2Fv2%2Ftags&post=27799"}],"curies":[{"name":"wp","href":"https:\/\/api.w.org\/{rel}","templated":true}]}}