{"id":27801,"date":"2018-10-13T08:15:11","date_gmt":"2018-10-13T13:15:11","guid":{"rendered":"http:\/\/www.revistazetta.com\/?p=27801"},"modified":"2018-10-13T08:15:11","modified_gmt":"2018-10-13T13:15:11","slug":"cartagena-se-promociona-europa-atraer-mas-inversion","status":"publish","type":"post","link":"https:\/\/revistazetta.com\/?p=27801","title":{"rendered":"Cartagena se promociona en Europa para atraer m\u00e1s inversi\u00f3n"},"content":{"rendered":"<div><span style=\"font-family: arial, helvetica, sans-serif; font-size: large;\">En una gira de promoci\u00f3n conjunta con ProColombia y otras agencias del pa\u00eds, Invest In Cartagena present\u00f3 esta semana ante\u00a0 unos 90 inversionistas en Holanda, B\u00e9lgica y Francia, las potencialidades, oportunidades y proyectos de inversi\u00f3n del territorio.\u00a0<\/span><\/div>\n<div><span style=\"font-family: arial, helvetica, sans-serif; font-size: large;\">\u00a0<\/span><\/div>\n<div><span style=\"font-family: arial, helvetica, sans-serif; font-size: large;\">Estos pa\u00edses hacen parte de un grupo de naciones europeas definidas como mercados estrat\u00e9gicos priorizados, donde se busca aumentar la atracci\u00f3n de inversiones que impacten de manera positiva en el desarrollo econ\u00f3mico y social de la regi\u00f3n.<\/span><\/div>\n<div><span style=\"font-family: arial, helvetica, sans-serif; font-size: large;\">\u00a0<\/span><\/div>\n<div><span style=\"font-family: arial, helvetica, sans-serif; font-size: large;\">Las reuniones sostenidas durante la gira contaron con la presencia de representantes de fondos de inversi\u00f3n e inversionistas de sectores como construcci\u00f3n, transporte, log\u00edstica, energ\u00edas renovables, agroindustria e industria creativa.\u00a0<\/span><\/div>\n<div><span style=\"font-family: arial, helvetica, sans-serif; font-size: large;\">\u00a0<\/span><\/div>\n<div><span style=\"font-family: arial, helvetica, sans-serif; font-size: large;\">En Cartagena ya se han registrado importantes inversiones provenientes de estos tres pa\u00edses. El mas reciente es el caso de la compa\u00f1\u00eda belga de perfilar\u00eda en P.V.C Deceuninck, que construy\u00f3 en la ciudad su primera planta en Am\u00e9rica. En 2011 la empresa francesa Boccard abri\u00f3 en Bayunca una planta de prefabricaci\u00f3n de tubos y accesorios para el sector petrolero y petroqu\u00edmico. Por su parte, desde Holanda se han registrado aportes significativos en el sector log\u00edstico portuario.\u00a0<\/span><\/div>\n<div><span style=\"font-family: arial, helvetica, sans-serif; font-size: large;\">\u00a0<\/span><\/div>\n<div><span style=\"font-family: arial, helvetica, sans-serif; font-size: large;\">Europa es una de las principales regiones de origen\u00a0 del inter\u00e9s e inversi\u00f3n en Cartagena y Bol\u00edvar. Seg\u00fan cifras de atenci\u00f3n a inversionistas recopiladas por InvestCyB, solo en 2017, el 23% de las oportunidades atendidas provinieron de ese continente, el tercer mayor porcentaje despu\u00e9s del origen nacional y EE.UU. En lo corrido de 2018, la cifra asciende a 21%.\u00a0<\/span><\/div>\n<div><span style=\"font-family: arial, helvetica, sans-serif; font-size: large;\">\u00a0<\/span><\/div>\n<div><span style=\"font-family: arial, helvetica, sans-serif; font-size: large;\">Los informes tambi\u00e9n revelan que en los \u00faltimos tres a\u00f1os,\u00a0 desde el viejo continente se han reportado el 24% de los proyectos e inversiones con decisi\u00f3n tomada, acumulando un monto de unos\u00a0 USD$230 millones.<\/span><\/div>\n<div><span style=\"font-family: arial, helvetica, sans-serif; font-size: large;\">\u00a0<\/span><\/div>\n<div><span style=\"font-family: arial, helvetica, sans-serif; font-size: large;\">Se espera que\u00a0 antes de finalizar el a\u00f1o, como resultado temprano de la actividad, una misi\u00f3n comercial holandesa visite la ciudad para identificar oportunidades de inversi\u00f3n en diferentes sectores<\/span><\/div>\n","protected":false},"excerpt":{"rendered":"<p>En una gira de promoci\u00f3n conjunta con ProColombia y otras agencias del pa\u00eds, Invest In Cartagena present\u00f3 esta semana ante\u00a0 unos 90 inversionistas en Holanda, B\u00e9lgica y Francia, las potencialidades, oportunidades y proyectos de inversi\u00f3n del territorio.\u00a0 \u00a0 Estos pa\u00edses hacen parte de un grupo de naciones europeas definidas como mercados estrat\u00e9gicos priorizados, donde se busca aumentar la atracci\u00f3n de inversiones que impacten de manera positiva en el desarrollo econ\u00f3mico y social de la regi\u00f3n. \u00a0 Las reuniones sostenidas durante la gira contaron con la presencia de representantes de fondos&#8230; <\/p>\n","protected":false},"author":3,"featured_media":27802,"comment_status":"open","ping_status":"closed","sticky":false,"template":"","format":"standard","meta":{"footnotes":"","_links_to":"","_links_to_target":""},"categories":[75,3,50],"tags":[],"class_list":["post-27801","post","type-post","status-publish","format-standard","has-post-thumbnail","hentry","category-destacada","category-ciudad","category-empresa"],"_links":{"self":[{"href":"https:\/\/revistazetta.com\/index.php?rest_route=\/wp\/v2\/posts\/27801","targetHints":{"allow":["GET"]}}],"collection":[{"href":"https:\/\/revistazetta.com\/index.php?rest_route=\/wp\/v2\/posts"}],"about":[{"href":"https:\/\/revistazetta.com\/index.php?rest_route=\/wp\/v2\/types\/post"}],"author":[{"embeddable":true,"href":"https:\/\/revistazetta.com\/index.php?rest_route=\/wp\/v2\/users\/3"}],"replies":[{"embeddable":true,"href":"https:\/\/revistazetta.com\/index.php?rest_route=%2Fwp%2Fv2%2Fcomments&post=27801"}],"version-history":[{"count":0,"href":"https:\/\/revistazetta.com\/index.php?rest_route=\/wp\/v2\/posts\/27801\/revisions"}],"wp:featuredmedia":[{"embeddable":true,"href":"https:\/\/revistazetta.com\/index.php?rest_route=\/wp\/v2\/media\/27802"}],"wp:attachment":[{"href":"https:\/\/revistazetta.com\/index.php?rest_route=%2Fwp%2Fv2%2Fmedia&parent=27801"}],"wp:term":[{"taxonomy":"category","embeddable":true,"href":"https:\/\/revistazetta.com\/index.php?rest_route=%2Fwp%2Fv2%2Fcategories&post=27801"},{"taxonomy":"post_tag","embeddable":true,"href":"https:\/\/revistazetta.com\/index.php?rest_route=%2Fwp%2Fv2%2Ftags&post=27801"}],"curies":[{"name":"wp","href":"https:\/\/api.w.org\/{rel}","templated":true}]}}