{"id":27803,"date":"2018-10-14T07:15:50","date_gmt":"2018-10-14T12:15:50","guid":{"rendered":"http:\/\/www.revistazetta.com\/?p=27803"},"modified":"2018-10-14T07:15:50","modified_gmt":"2018-10-14T12:15:50","slug":"canapote-se-desbordo-alegria","status":"publish","type":"post","link":"https:\/\/revistazetta.com\/?p=27803","title":{"rendered":"Canapote se desbord\u00f3 en alegr\u00eda"},"content":{"rendered":"<p>Miles de cartageneros fueron testigos del resplandecer de la Plaza de Canapote por la sabrosura, la alegr\u00eda y la paz que se respir\u00f3 ayer en el primer preludio de Fiestas de Independencia.<\/p>\n<p>Los lanceros de Independencia 2018, Dix\u00f3n Perez y Norella Prada, engalanaron el desfile folcl\u00f3rico que parti\u00f3 del Parque de San Francisco, cruzando por las calles de los barrios vecinos donde amantes de las festividades se emocionaban al ver, una vez m\u00e1s, la celebraci\u00f3n de la gesta independentista que cumple 207 a\u00f1os.\u00a0 Grupos folcl\u00f3ricos, actores festivos y el calor de la gente fueron los protagonistas en el tradicional recorrido.<\/p>\n<p>La Primera Princesa 2017, Adelis Moreno Rodr\u00edguez, fue la encargada de llevar el liderato de las candidatas al Reinado de Independencia 2018, quienes hicieron un homenaje a la danza de los Indios Farotos en escena.<\/p>\n<p><strong>Todos los d\u00edas debemos celebrar nuestra Independencia: Alcalde encargado de Cartagena, Pedrito Pereira. <\/strong><\/p>\n<p>Ante el p\u00fablico canapotero, el Alcalde encargado de Cartagena, Pedrito Pereira, envi\u00f3 un mensaje de unidad para celebrar y conmemorar nuestras fiestas en armon\u00eda. \u201cDebemos resaltar nuestros valores, recordar lo que estamos celebrando y todos los d\u00edas celebrar nuestra independencia. En compa\u00f1\u00eda de ustedes les digo que se diviertan con civismo y demostrar que podemos estar en convivencia todos los cartageneros\u201d, agreg\u00f3.<\/p>\n<p>Por su parte el director del IPCC, Iv\u00e1n Sanes, agradeci\u00f3 a los actores festivos y gestores culturales por el acompa\u00f1amiento y por decir:\u00a0<strong>\u00a1S\u00ed, apoyamos las fiestas!<\/strong> \u201cSin ustedes Cartagena no resuena y hoy Cartagena resuena m\u00e1s que nunca, juntos con mucho amor vamos a fortalecer nuestras fiestas, lo vamos a lograr\u201d, afirm\u00f3 Sanes.<\/p>\n<p>Andres Bula fue el encargado de iniciar la descarga musical rememorando \u00e9xitos de reguet\u00f3n. El sonido de la imponente gaita de los maestros Estanly Montero y Gerardo Salcedo de Kalamary Orquesta se apoder\u00f3 de la temprana noche que anunciaba un rotundo \u00e9xito.<\/p>\n<p>Durante la velada, Giselle Mar\u00eda Ballestas Jim\u00e9nez, candidata del barrio Canapote recibi\u00f3 la corona que la acredita como representante de su barrio, por parte de la Se\u00f1orita Cartagena Yaiselle Tous.<\/p>\n<p>El cantante Carlos Boh\u00f3rquez fue la cuota vallenata de la noche que puso a parrandear y a gozar.\u00a0 El p\u00fablico explot\u00f3 de emoci\u00f3n con el arrib\u00f3 de Lil Silvio y El Vega y Caramelo entonando su \u00e9xito \u201cLet me love you\u201d.\u00a0 Los artistas cartageneros intrepretaron \u201cEres\u201d, \u201cTienes la sonrisa\u201d y culminaron con \u201cTienes la magia\u201d.<\/p>\n<p>Sobre la medianoche, G Black hizo su aparici\u00f3n en escena con \u201cEl Machuca\u201d, \u201cLa Suegra\u201d, \u00e9xito de esta temporada, y lo mejor de la m\u00fasica Champeta.<\/p>\n<p>Disfruta de todos los eventos de las Fiestas de Independencia que el Instituto de Patrimonio y Cultura de Cartagena (IPCC) tiene preparado para ti.<\/p>\n","protected":false},"excerpt":{"rendered":"<p>Miles de cartageneros fueron testigos del resplandecer de la Plaza de Canapote por la sabrosura, la alegr\u00eda y la paz que se respir\u00f3 ayer en el primer preludio de Fiestas de Independencia. Los lanceros de Independencia 2018, Dix\u00f3n Perez y Norella Prada, engalanaron el desfile folcl\u00f3rico que parti\u00f3 del Parque de San Francisco, cruzando por las calles de los barrios vecinos donde amantes de las festividades se emocionaban al ver, una vez m\u00e1s, la celebraci\u00f3n de la gesta independentista que cumple 207 a\u00f1os.\u00a0 Grupos folcl\u00f3ricos, actores festivos y el calor&#8230; <\/p>\n","protected":false},"author":3,"featured_media":27804,"comment_status":"open","ping_status":"closed","sticky":false,"template":"","format":"standard","meta":{"footnotes":"","_links_to":"","_links_to_target":""},"categories":[41,75],"tags":[],"class_list":["post-27803","post","type-post","status-publish","format-standard","has-post-thumbnail","hentry","category-cultura","category-destacada"],"_links":{"self":[{"href":"https:\/\/revistazetta.com\/index.php?rest_route=\/wp\/v2\/posts\/27803","targetHints":{"allow":["GET"]}}],"collection":[{"href":"https:\/\/revistazetta.com\/index.php?rest_route=\/wp\/v2\/posts"}],"about":[{"href":"https:\/\/revistazetta.com\/index.php?rest_route=\/wp\/v2\/types\/post"}],"author":[{"embeddable":true,"href":"https:\/\/revistazetta.com\/index.php?rest_route=\/wp\/v2\/users\/3"}],"replies":[{"embeddable":true,"href":"https:\/\/revistazetta.com\/index.php?rest_route=%2Fwp%2Fv2%2Fcomments&post=27803"}],"version-history":[{"count":0,"href":"https:\/\/revistazetta.com\/index.php?rest_route=\/wp\/v2\/posts\/27803\/revisions"}],"wp:featuredmedia":[{"embeddable":true,"href":"https:\/\/revistazetta.com\/index.php?rest_route=\/wp\/v2\/media\/27804"}],"wp:attachment":[{"href":"https:\/\/revistazetta.com\/index.php?rest_route=%2Fwp%2Fv2%2Fmedia&parent=27803"}],"wp:term":[{"taxonomy":"category","embeddable":true,"href":"https:\/\/revistazetta.com\/index.php?rest_route=%2Fwp%2Fv2%2Fcategories&post=27803"},{"taxonomy":"post_tag","embeddable":true,"href":"https:\/\/revistazetta.com\/index.php?rest_route=%2Fwp%2Fv2%2Ftags&post=27803"}],"curies":[{"name":"wp","href":"https:\/\/api.w.org\/{rel}","templated":true}]}}