{"id":27837,"date":"2018-10-14T07:49:15","date_gmt":"2018-10-14T12:49:15","guid":{"rendered":"http:\/\/www.revistazetta.com\/?p=27837"},"modified":"2018-10-14T07:49:15","modified_gmt":"2018-10-14T12:49:15","slug":"las-carceles-centros-produccion-opinion-del-alvaro-royo-desde-xiamen","status":"publish","type":"post","link":"https:\/\/revistazetta.com\/?p=27837","title":{"rendered":"Las c\u00e1rceles como centros de producci\u00f3n \u2013 Opini\u00f3n del Alvaro Royo desde Xiamen"},"content":{"rendered":"<p><strong><span style=\"color: #000080;\">Por \u00c1lvaro Royo (Especial para Revista Zetta).- (Xiamen \u2013 China).-<\/span>\u00a0<\/strong>A veces no tiene que uno irse a los extremos para poder buscar las soluciones a algo que te est\u00e9 dando vueltas en la cabeza. Las c\u00e1rceles no tienen que ser de trabajos forzados como lo hay para ciertos delitos ac\u00e1 en China, ni tiene que ser de miles de condenados o en espera de sentencia sentados, hacinados, fumando y planeando la pr\u00f3xima fechor\u00eda. Algo intermedio podr\u00eda ser interesante.<\/p>\n<p><img loading=\"lazy\" decoding=\"async\" class=\"alignright size-medium wp-image-27839\" src=\"https:\/\/www.revistazetta.com\/wp-content\/uploads\/2018\/10\/c4-300x162.jpg\" alt=\"\" width=\"300\" height=\"162\" srcset=\"https:\/\/revistazetta.com\/wp-content\/uploads\/2018\/10\/c4-300x162.jpg 300w, https:\/\/revistazetta.com\/wp-content\/uploads\/2018\/10\/c4-260x140.jpg 260w, https:\/\/revistazetta.com\/wp-content\/uploads\/2018\/10\/c4-50x27.jpg 50w, https:\/\/revistazetta.com\/wp-content\/uploads\/2018\/10\/c4-139x75.jpg 139w, https:\/\/revistazetta.com\/wp-content\/uploads\/2018\/10\/c4.jpg 900w\" sizes=\"auto, (max-width: 300px) 100vw, 300px\" \/>Las c\u00e1rceles de ciertos pa\u00edses europeos se est\u00e1n quedando vac\u00edas, hay algunos que reciben los presos de otros estados para poder sostener un sistema penitenciario que ya los niveles de educaci\u00f3n y el respeto por las instituciones de los pol\u00edticos en cero de corrupci\u00f3n hacen que cometer delitos haya pasado de moda en esos pa\u00edses, no se usa ser brib\u00f3n, luego entonces es poco lo que hay que encarcelar.<\/p>\n<p>Pero sucede que en estos pa\u00edses europeos las c\u00e1rceles son del estado, caso contrario sucede en Estados Unidos donde el sistema penitenciario es privado y es de los mejores negocios que existen en ese pa\u00eds, hay un acuerdo no escrito y un sistema malvado de comisiones dentro de las autoridades con las empresas todo poderosas que manejan las c\u00e1rceles para que siempre la poblaci\u00f3n carcelaria vaya en aumento ya que por cada recluso dentro de los muros el estado les paga a las due\u00f1as de las concesiones. Esto se refleja en que si no te r\u00edes del chiste que cuenta el polic\u00eda pues te vas preso, y este hace lo posible por provocarte en la calle y su rudeza imb\u00e9cil hace pensar poco que su funci\u00f3n es protegerte. \u00a1Son de miedo!<\/p>\n<p><img loading=\"lazy\" decoding=\"async\" class=\"alignright size-medium wp-image-27842\" src=\"https:\/\/www.revistazetta.com\/wp-content\/uploads\/2018\/10\/c7-300x176.jpeg\" alt=\"\" width=\"300\" height=\"176\" srcset=\"https:\/\/revistazetta.com\/wp-content\/uploads\/2018\/10\/c7-300x176.jpeg 300w, https:\/\/revistazetta.com\/wp-content\/uploads\/2018\/10\/c7.jpeg 1024w, https:\/\/revistazetta.com\/wp-content\/uploads\/2018\/10\/c7-249x146.jpeg 249w, https:\/\/revistazetta.com\/wp-content\/uploads\/2018\/10\/c7-50x29.jpeg 50w, https:\/\/revistazetta.com\/wp-content\/uploads\/2018\/10\/c7-128x75.jpeg 128w\" sizes=\"auto, (max-width: 300px) 100vw, 300px\" \/>Ac\u00e1 en China los polic\u00edas no los ves en las calles, y los que ves no andan armados, solo usan c\u00e1maras para grabar los procedimientos, el di\u00e1logo es siempre la primera opci\u00f3n y a menos que te pongas muy violento, estos proceder\u00e1n a detenerte. Si has cometido alg\u00fan delito, dependiendo su gravedad, tendr\u00e1s que pagar por ello y una de las alternativas que hay son los trabajos forzados, digo forzados porque tienes que hacerlo si no tus condiciones de reclusi\u00f3n van a empeorar, luego entonces trabajar te toca.<\/p>\n<p>\u00bfY qu\u00e9 hacen? Pues dentro de las mismas c\u00e1rceles hay f\u00e1bricas de empresas privadas y tambi\u00e9n del estado que se encargan de producir art\u00edculos y elementos que se necesiten para la ciudad, los adoquines para las v\u00edas, los bloques para la construcci\u00f3n, ensamblajes de piezas industriales, art\u00edculos de todo tipo para mejorar las condiciones de esa ciudad a la cual trataron de afectar.<\/p>\n<p>Las condiciones no son de aplaudir pero la idea es interesante si se le dieran ciertas vueltas para convertir este sistema en un m\u00e9todo aplicable a las c\u00e1rceles de nuestro pa\u00eds.<\/p>\n<p>Colombia en este 2018 tiene una sobrepoblaci\u00f3n carcelaria del 45%, el pa\u00eds tiene capacidad para 80 mil reclusos y cuenta con unos 116 mil, luego uno ve los planes para construir nuevas c\u00e1rceles y los presupuestos nunca son suficientes, pero claro, qui\u00e9n quiere hacer inversiones para tener gente dando vueltas en los patios pasando el tiempo, y en \u00faltimas meterle dinero a algo que se va a convertir en un gasto adicional, queda siendo un mal negocio por donde se le mire, no es ni atractivo ni viable.<\/p>\n<p><img loading=\"lazy\" decoding=\"async\" class=\"alignright size-medium wp-image-27841\" src=\"https:\/\/www.revistazetta.com\/wp-content\/uploads\/2018\/10\/c6-300x200.jpg\" alt=\"\" width=\"300\" height=\"200\" srcset=\"https:\/\/revistazetta.com\/wp-content\/uploads\/2018\/10\/c6-300x200.jpg 300w, https:\/\/revistazetta.com\/wp-content\/uploads\/2018\/10\/c6-219x146.jpg 219w, https:\/\/revistazetta.com\/wp-content\/uploads\/2018\/10\/c6-50x33.jpg 50w, https:\/\/revistazetta.com\/wp-content\/uploads\/2018\/10\/c6-113x75.jpg 113w, https:\/\/revistazetta.com\/wp-content\/uploads\/2018\/10\/c6.jpg 650w\" sizes=\"auto, (max-width: 300px) 100vw, 300px\" \/>Y para un pa\u00eds como Colombia donde la educaci\u00f3n es tratada como el patito feo del presupuesto eso hace pensar que las cosas no pintan para mejorar.<\/p>\n<p>Y la ley para que las c\u00e1rceles sean productivas existe, en el C\u00f3digo Penitenciario y Carcelario de Colombia se habla de la urgencia y prioridad de que el sistema pase de ser solo punitivo y se convierta en modelo de resocializaci\u00f3n, habla de c\u00f3digos, estatutos, derechos de los reclusos al trabajo y a la educaci\u00f3n, tambi\u00e9n habla en palabras muy bonitas de incentivar a la empresa privada y ofrecerles beneficios tributarios para que se involucren en el proceso pero hasta el d\u00eda de hoy y si vemos el comportamiento de las cifras de los \u00faltimos 20 a\u00f1os el trabajo en las c\u00e1rceles se ha ido reduciendo dram\u00e1ticamente y seg\u00fan cifras del INPEC en 1999 el 41 % de la poblaci\u00f3n carcelaria ten\u00eda trabajo, a 2008 hab\u00eda disminuido al 31% y hoy est\u00e1n en niveles cercanos al 20%, siendo estos trabajos de poco impacto en el sistema y en los que lo ejecutan.<\/p>\n<p>Las personas condenadas deben llegar a unas c\u00e1rceles que se parezcan m\u00e1s a una f\u00e1brica con dormitorios que a otra cosa, que ofrezcan unas condiciones de vida digna pero dentro de una estructura de reclusi\u00f3n estricta y disciplinada donde el acceso a celulares debe ser un delito grave por los antecedentes de extorsiones desde los centros carcelarios, si la empresa privada no quiere involucrarse entonces el Distrito, para hablar solo de Cartagena de Indias, deber\u00eda pensar seriamente en convertir sus actuales centros carcelarios en centros de producci\u00f3n, pero de verdad. Cartagena adolece de tantas cosas a nivel urbano que pueden perfectamente ser \u201cMade in Ternera\u201d o \u201cMade in San Diego\u201d: bancas, jardineras, macetas, carpinter\u00eda de todo tipo, las mismas plantas en viveros, bloques, ladrillos, postes, vallas, estructuras met\u00e1licas, puentes peatonales prefabricados, andenes prefabricados y un largo etc\u00e9tera, elementos de inmobiliario urbano que se necesitan para una ciudad que necesita estar bien presentada como Cartagena. A la poblaci\u00f3n carcelaria es mejor mantenerla ocupadita.<\/p>\n<p><img loading=\"lazy\" decoding=\"async\" class=\"alignright size-medium wp-image-27840\" src=\"https:\/\/www.revistazetta.com\/wp-content\/uploads\/2018\/10\/c5-300x201.jpg\" alt=\"\" width=\"300\" height=\"201\" srcset=\"https:\/\/revistazetta.com\/wp-content\/uploads\/2018\/10\/c5-300x201.jpg 300w, https:\/\/revistazetta.com\/wp-content\/uploads\/2018\/10\/c5-218x146.jpg 218w, https:\/\/revistazetta.com\/wp-content\/uploads\/2018\/10\/c5-50x33.jpg 50w, https:\/\/revistazetta.com\/wp-content\/uploads\/2018\/10\/c5-112x75.jpg 112w, https:\/\/revistazetta.com\/wp-content\/uploads\/2018\/10\/c5.jpg 700w\" sizes=\"auto, (max-width: 300px) 100vw, 300px\" \/>En \u00faltimas Cartagena debe empezar a ser organizada desde un punto de vista hol\u00edstico, pero bueno, dejemos esa vaina para el art\u00edculo de la otra semana.<\/p>\n<p>Felicitaciones al tremendo proyecto de Johana Baham\u00f3n con el restaurante \u201cInterno\u201d que funciona dentro de la c\u00e1rcel de San Diego, excelente ejemplo que refuerza el tema que hemos tratado en esta columna.<\/p>\n<p>Y gracias a la gran Zulay Paz Velilla por compartir ese video del restaurante interno que les dejo en un enlace aqu\u00ed.<\/p>\n<p>&nbsp;<\/p>\n<p>\u00a1Un abrazo!<\/p>\n<p>Alvaro Royo<\/p>\n<p>enchina@gmail.com<\/p>\n<p><a href=\"https:\/\/www.alvaroroyo.com\/\" target=\"_blank\" rel=\"noopener\">www.alvaroroyo.com<\/a><\/p>\n<p>0086-13559231344<\/p>\n<p>&nbsp;<\/p>\n<p><iframe loading=\"lazy\" title=\"&#039;Segundas Oportunidades&#039;, el restaurante colombiano dentro de una c\u00e1rcel y atendido por reclusas\" width=\"500\" height=\"281\" src=\"https:\/\/www.youtube.com\/embed\/asBpmvzE59M?feature=oembed\" frameborder=\"0\" allow=\"accelerometer; autoplay; clipboard-write; encrypted-media; gyroscope; picture-in-picture; web-share\" referrerpolicy=\"strict-origin-when-cross-origin\" allowfullscreen><\/iframe><\/p>\n","protected":false},"excerpt":{"rendered":"<p>Por \u00c1lvaro Royo (Especial para Revista Zetta).- (Xiamen \u2013 China).-\u00a0A veces no tiene que uno irse a los extremos para poder buscar las soluciones a algo que te est\u00e9 dando vueltas en la cabeza. Las c\u00e1rceles no tienen que ser de trabajos forzados como lo hay para ciertos delitos ac\u00e1 en China, ni tiene que ser de miles de condenados o en espera de sentencia sentados, hacinados, fumando y planeando la pr\u00f3xima fechor\u00eda. Algo intermedio podr\u00eda ser interesante. Las c\u00e1rceles de ciertos pa\u00edses europeos se est\u00e1n quedando vac\u00edas, hay algunos&#8230; <\/p>\n","protected":false},"author":3,"featured_media":27838,"comment_status":"open","ping_status":"closed","sticky":false,"template":"","format":"standard","meta":{"footnotes":"","_links_to":"","_links_to_target":""},"categories":[75,44,65],"tags":[],"class_list":["post-27837","post","type-post","status-publish","format-standard","has-post-thumbnail","hentry","category-destacada","category-materiagris","category-opinion"],"_links":{"self":[{"href":"https:\/\/revistazetta.com\/index.php?rest_route=\/wp\/v2\/posts\/27837","targetHints":{"allow":["GET"]}}],"collection":[{"href":"https:\/\/revistazetta.com\/index.php?rest_route=\/wp\/v2\/posts"}],"about":[{"href":"https:\/\/revistazetta.com\/index.php?rest_route=\/wp\/v2\/types\/post"}],"author":[{"embeddable":true,"href":"https:\/\/revistazetta.com\/index.php?rest_route=\/wp\/v2\/users\/3"}],"replies":[{"embeddable":true,"href":"https:\/\/revistazetta.com\/index.php?rest_route=%2Fwp%2Fv2%2Fcomments&post=27837"}],"version-history":[{"count":0,"href":"https:\/\/revistazetta.com\/index.php?rest_route=\/wp\/v2\/posts\/27837\/revisions"}],"wp:featuredmedia":[{"embeddable":true,"href":"https:\/\/revistazetta.com\/index.php?rest_route=\/wp\/v2\/media\/27838"}],"wp:attachment":[{"href":"https:\/\/revistazetta.com\/index.php?rest_route=%2Fwp%2Fv2%2Fmedia&parent=27837"}],"wp:term":[{"taxonomy":"category","embeddable":true,"href":"https:\/\/revistazetta.com\/index.php?rest_route=%2Fwp%2Fv2%2Fcategories&post=27837"},{"taxonomy":"post_tag","embeddable":true,"href":"https:\/\/revistazetta.com\/index.php?rest_route=%2Fwp%2Fv2%2Ftags&post=27837"}],"curies":[{"name":"wp","href":"https:\/\/api.w.org\/{rel}","templated":true}]}}