{"id":27843,"date":"2018-10-14T13:59:45","date_gmt":"2018-10-14T18:59:45","guid":{"rendered":"http:\/\/www.revistazetta.com\/?p=27843"},"modified":"2018-10-14T13:59:45","modified_gmt":"2018-10-14T18:59:45","slug":"padre-antonio-ya-santo-canonizado-monsenor-arnulfo-romero","status":"publish","type":"post","link":"https:\/\/revistazetta.com\/?p=27843","title":{"rendered":"El \u00abpadre Antonio\u00bb ya es santo: canonizado monse\u00f1or Arnulfo Romero"},"content":{"rendered":"<p id=\"story-continues-2\" class=\"story-body-text story-content\" tabindex=\"-1\" data-para-count=\"210\" data-total-count=\"210\" data-intl-total-words=\"33\">La ma\u00f1ana de este domingo, en una ceremonia en el Vaticano, el papa Francisco canoniz\u00f3 al arzobispo \u00d3scar Arnulfo Romero, defensor salvadore\u00f1o de los pobres que fue asesinado mientras oficiaba misa en 1980.<\/p>\n<p id=\"story-continues-3\" class=\"story-body-text story-content\" tabindex=\"-1\" data-para-count=\"277\" data-total-count=\"487\" data-intl-total-words=\"77\">Los l\u00edderes conservadores del Vaticano se opusieron a la canonizaci\u00f3n del arzobispo durante a\u00f1os debido a que se le asociaba con posturas de izquierda, pero el papa Francisco ratific\u00f3 su martirio en 2015, lo que prepar\u00f3 el camino para la canonizaci\u00f3n de monse\u00f1or Romero.<\/p>\n<p tabindex=\"-1\" data-para-count=\"277\" data-total-count=\"487\" data-intl-total-words=\"77\">((( Texto tomado de The New York Times:\u00a0https:\/\/www.nytimes.com\/es\/2018\/10\/14\/oscar-romero-canonizacion\/?action=click&amp;clickSource=inicio&amp;contentPlacement=2&amp;module=toppers&amp;region=rank&amp;pgtype=Homepage)))<\/p>\n<p id=\"story-continues-4\" class=\"story-body-text story-content\" tabindex=\"-1\" data-para-count=\"328\" data-total-count=\"815\" data-intl-total-words=\"132\">El arzobispo, asesinado a los 62 a\u00f1os, era uno de los l\u00edderes de la Iglesia m\u00e1s importantes en Am\u00e9rica Latina. Conden\u00f3 las injusticias y se pronunci\u00f3 contra la represi\u00f3n pol\u00edtica en medio de una guerra que se intensificaba entre los movimientos de izquierda y el gobierno y las fuerzas de extrema derecha de El Salvador.<\/p>\n<p id=\"story-continues-5\" class=\"story-body-text story-content\" tabindex=\"-1\" data-para-count=\"266\" data-total-count=\"1081\" data-intl-total-words=\"175\">Monse\u00f1or Romero hab\u00eda recibido varias amenazas antes de que un francotirador le disparara un \u00fanico tiro que lo mat\u00f3 el 24 de marzo de 1980. La multitud que asisti\u00f3 a su funeral tambi\u00e9n fue atacada por francotiradores, donde murieron al menos cuarenta personas.<\/p>\n<div class=\"marketing-ad ad\">\n<div class=\"clearfix wrap marketing-module-legacy\">\n<div id=\"marketing-module-body\"><\/div>\n<\/div>\n<\/div>\n<p id=\"story-continues-6\" class=\"story-body-text story-content\" tabindex=\"-1\" data-para-count=\"494\" data-total-count=\"1575\" data-intl-total-words=\"251\">Un mes antes, el arzobispo Romero hab\u00eda molestado a los simpatizantes del gobierno salvadore\u00f1o cuando le pidi\u00f3 al presidente estadounidense Jimmy Carter que pusiera un alto a la ayuda militar que daba al pa\u00eds (cuando Ronald Reagan asumi\u00f3 la presidencia en 1981, de inmediato aument\u00f3 dicha ayuda). En sus homil\u00edas dominicales, monse\u00f1or Romero insist\u00eda en la necesidad de evitar la violencia mientras advert\u00eda que El Salvador se dirig\u00eda a una guerra civil y cambios sociales profundos.<\/p>\n<p id=\"story-continues-7\" class=\"story-body-text story-content\" tabindex=\"-1\" data-para-count=\"141\" data-total-count=\"1716\" data-intl-total-words=\"274\">En los doce a\u00f1os posteriores a su muerte, su predicci\u00f3n se convirti\u00f3 en realidad. Decenas de miles de salvadore\u00f1os murieron en la guerra.<\/p>\n<p id=\"story-continues-8\" class=\"story-body-text story-content\" tabindex=\"-1\" data-para-count=\"273\" data-total-count=\"1989\" data-intl-total-words=\"319\">Nadie fue enjuiciado por su muerte, pero la Comisi\u00f3n de la Verdad para El Salvador de las Naciones Unidas descubri\u00f3 que su muerte hab\u00eda sido planeada por oficiales cercanos a Roberto d\u2019Aubuisson, un mayor de extrema derecha del ej\u00e9rcito que muri\u00f3 de c\u00e1ncer en 1992.<\/p>\n<p id=\"story-continues-9\" class=\"story-body-text story-content\" tabindex=\"-1\" data-para-count=\"193\" data-total-count=\"2182\" data-intl-total-words=\"349\">El prelado, quien ya era considerado un santo por muchos salvadore\u00f1os desde mucho antes de la decisi\u00f3n del papa Francisco, se encuentra sepultado en la Catedral Metropolitana de San Salvador.<\/p>\n<p id=\"story-continues-10\" class=\"story-body-text story-content\" tabindex=\"-1\" data-para-count=\"177\" data-total-count=\"2359\" data-intl-total-words=\"375\">Aunque la guerra civil termin\u00f3 de manera oficial, el pa\u00eds enfrenta otra amenaza violenta y extrema: las pandillas criminales, que han impulsado un flujo migratorio importante.<\/p>\n<p id=\"story-continues-11\" class=\"story-body-text story-content\" tabindex=\"-1\" data-para-count=\"161\" data-total-count=\"2520\" data-intl-total-words=\"400\">En una entrevista de 2015, Roberto Cu\u00e9llar, un abogado que trabaj\u00f3 con monse\u00f1or Romero, dijo que la violencia enfrentaba \u201ca los pobres contra los pobres\u201d.<\/p>\n<p id=\"story-continues-12\" class=\"story-body-text story-content\" tabindex=\"-1\" data-para-count=\"140\" data-total-count=\"2660\" data-intl-total-words=\"422\">\u201cLe doler\u00eda ver que despu\u00e9s de alcanzar los acuerdos de paz seguimos en la misma situaci\u00f3n\u201d, dijo Cu\u00e9llar sobre el arzobispo Romero.<\/p>\n<p id=\"story-continues-13\" class=\"story-body-text story-content\" tabindex=\"-1\" data-para-count=\"348\" data-total-count=\"3008\" data-intl-total-words=\"478\">Otros cinco beatos fueron canonizados este 14 de octubre, incluyendo al papa Pablo VI, quien fue papa de 1963 a 1978 y supervis\u00f3 buena parte del Concilio Vaticano II y es conocido por su enc\u00edclica trascendental <em>Humanae Vitae<\/em>, que reafirm\u00f3 las ense\u00f1anzas de la Iglesia cat\u00f3lica romana en contra de la anticoncepci\u00f3n tras la revoluci\u00f3n sexual.<\/p>\n<p id=\"story-continues-14\" class=\"story-body-text story-content\" tabindex=\"-1\" data-para-count=\"49\" data-total-count=\"3057\" data-intl-total-words=\"485\">Los dem\u00e1s beatos tambi\u00e9n declarados santos son:<\/p>\n<p id=\"story-continues-15\" class=\"story-body-text story-content\" tabindex=\"-1\" data-para-count=\"189\" data-total-count=\"3246\" data-intl-total-words=\"517\">\u2022 El reverendo Francesco Spinelli, un sacerdote italiano que muri\u00f3 en 1913, pero cuya intercesi\u00f3n se cree que salv\u00f3 la vida de un beb\u00e9 en la Rep\u00fablica Democr\u00e1tica del Congo en 2007.<\/p>\n<p id=\"story-continues-16\" class=\"story-body-text story-content\" tabindex=\"-1\" data-para-count=\"214\" data-total-count=\"3460\" data-intl-total-words=\"554\">\u2022 Vincenzo Romano, quien fue un sacerdote de N\u00e1poles, Italia, en la d\u00e9cada de 1700 y trabaj\u00f3 para reconstruir la ciudad despu\u00e9s de la erupci\u00f3n del monte Vesubio. Fue beatificado por el papa Pablo VI en 1963.<\/p>\n<p id=\"story-continues-17\" class=\"story-body-text story-content\" tabindex=\"-1\" data-para-count=\"153\" data-total-count=\"3613\" data-intl-total-words=\"579\">\u2022 Maria Katharina Kasper, una monja alemana fundadora de las Siervas Pobres de Jesucristo en 1851, quien tambi\u00e9n fue beatificada por el papa Pablo VI.<\/p>\n<p id=\"story-continues-18\" class=\"story-body-text story-content\" tabindex=\"-1\" data-para-count=\"223\" data-total-count=\"3836\" data-intl-total-words=\"618\">\u2022 Nazaria Ignacia de Santa Teresa de Jes\u00fas, una espa\u00f1ola que se ocup\u00f3 de los m\u00e1s necesitados en M\u00e9xico y Bolivia a principios del siglo XX y fue fundadora de la Congregaci\u00f3n de las Misioneras Cruzadas de la Iglesia.<\/p>\n","protected":false},"excerpt":{"rendered":"<p>La ma\u00f1ana de este domingo, en una ceremonia en el Vaticano, el papa Francisco canoniz\u00f3 al arzobispo \u00d3scar Arnulfo Romero, defensor salvadore\u00f1o de los pobres que fue asesinado mientras oficiaba misa en 1980. Los l\u00edderes conservadores del Vaticano se opusieron a la canonizaci\u00f3n del arzobispo durante a\u00f1os debido a que se le asociaba con posturas de izquierda, pero el papa Francisco ratific\u00f3 su martirio en 2015, lo que prepar\u00f3 el camino para la canonizaci\u00f3n de monse\u00f1or Romero. ((( Texto tomado de The New York Times:\u00a0https:\/\/www.nytimes.com\/es\/2018\/10\/14\/oscar-romero-canonizacion\/?action=click&amp;clickSource=inicio&amp;contentPlacement=2&amp;module=toppers&amp;region=rank&amp;pgtype=Homepage))) El arzobispo, asesinado a los&#8230; <\/p>\n","protected":false},"author":3,"featured_media":27844,"comment_status":"open","ping_status":"closed","sticky":false,"template":"","format":"standard","meta":{"footnotes":"","_links_to":"","_links_to_target":""},"categories":[2,75,36],"tags":[],"class_list":["post-27843","post","type-post","status-publish","format-standard","has-post-thumbnail","hentry","category-actualidad","category-destacada","category-actualidad-mundo"],"_links":{"self":[{"href":"https:\/\/revistazetta.com\/index.php?rest_route=\/wp\/v2\/posts\/27843","targetHints":{"allow":["GET"]}}],"collection":[{"href":"https:\/\/revistazetta.com\/index.php?rest_route=\/wp\/v2\/posts"}],"about":[{"href":"https:\/\/revistazetta.com\/index.php?rest_route=\/wp\/v2\/types\/post"}],"author":[{"embeddable":true,"href":"https:\/\/revistazetta.com\/index.php?rest_route=\/wp\/v2\/users\/3"}],"replies":[{"embeddable":true,"href":"https:\/\/revistazetta.com\/index.php?rest_route=%2Fwp%2Fv2%2Fcomments&post=27843"}],"version-history":[{"count":0,"href":"https:\/\/revistazetta.com\/index.php?rest_route=\/wp\/v2\/posts\/27843\/revisions"}],"wp:featuredmedia":[{"embeddable":true,"href":"https:\/\/revistazetta.com\/index.php?rest_route=\/wp\/v2\/media\/27844"}],"wp:attachment":[{"href":"https:\/\/revistazetta.com\/index.php?rest_route=%2Fwp%2Fv2%2Fmedia&parent=27843"}],"wp:term":[{"taxonomy":"category","embeddable":true,"href":"https:\/\/revistazetta.com\/index.php?rest_route=%2Fwp%2Fv2%2Fcategories&post=27843"},{"taxonomy":"post_tag","embeddable":true,"href":"https:\/\/revistazetta.com\/index.php?rest_route=%2Fwp%2Fv2%2Ftags&post=27843"}],"curies":[{"name":"wp","href":"https:\/\/api.w.org\/{rel}","templated":true}]}}