{"id":27845,"date":"2018-10-17T03:28:43","date_gmt":"2018-10-17T08:28:43","guid":{"rendered":"http:\/\/www.revistazetta.com\/?p=27845"},"modified":"2018-10-17T03:28:43","modified_gmt":"2018-10-17T08:28:43","slug":"vibrante-celebracion-cartagena-del-dia-internacional-erradicacion-la-pobreza","status":"publish","type":"post","link":"https:\/\/revistazetta.com\/?p=27845","title":{"rendered":"Vibrante celebraci\u00f3n en Cartagena del D\u00eda Internacional de Erradicaci\u00f3n de la Pobreza"},"content":{"rendered":"<p>Este 17 de octubre la Alcald\u00eda de Cartagena, a trav\u00e9s del Plan de Emergencia social PES Pedro Romero, volcar\u00e1 toda su oferta institucional en las tres localidades, en la\u00a0jornada integral contra la pobreza que har\u00e1 el Distrito en el D\u00eda Internacional de Erradicaci\u00f3n de la Pobreza.<\/p>\n<p>\u00abNos uniremos para transformar realidades, fomentar desarrollo, promover la consciencia y la acci\u00f3n social. Cartagena y sus tres localidades vivir\u00e1n un evento hist\u00f3rico contra la desiguldad. Es momento de actuar juntos a favor de los dem\u00e1s\u00bb, declar\u00f3 el alcalde Pedrito Pereira Caballero.<\/p>\n<p>En la preparaci\u00f3n de esta gigantesca cruzada, se uni\u00f3 la vicepresidenta de la Rep\u00fablica, Marta Luc\u00eda Ram\u00edrez, quien hizo un\u00a0recorrido por las tres localidades en los sitios que ser\u00e1n las sedes de la oferta institucional del Distrito para este mi\u00e9rcoles, en compa\u00f1\u00eda del alcalde encargado, Pedrito Pereira Caballero, y del director del Plan de Emergencia Social Pedro Romero, Javier Posada.<\/p>\n<p>En la Localidad 1 el punto de encuentro fue la Escuela Taller de Nelson Mandela; en la Localidad 2, la Instituci\u00f3n Educativa Jorge Artel y en la Localidad 3, la Instituci\u00f3n Educativa Jos\u00e9 de la Vega. En estos sitios, la Vicepresidenta y el Alcalde escucharon a los l\u00edderes comunales de cada sector.<\/p>\n<p>\u201cInvito a los cartageneros que se sumen a la jornada de superaci\u00f3n de la pobreza el pr\u00f3ximo 17 de octubre, pero no basta con ayudar, tenemos que estar permanentemente apoyando a la poblaci\u00f3n, lo importante es hacerse presente, enviar ayudas y darles una oportunidad a todos\u201d, precis\u00f3 Marta Luc\u00eda Ram\u00edrez.<\/p>\n<p>Por su parte, el alcalde encargado, Pedrito Pereira, resalt\u00f3 el apoyo del Gobierno Nacional, a trav\u00e9s de la Vicepresidenta, para esta jornada que se har\u00e1 casi a un mes de haber asumido como alcalde encargado, en cumplimiento de uno de sus postulados, como es la erradicaci\u00f3n de la pobreza extrema y enmarcado tambi\u00e9n dentro del pacto por Cartagena, suscrito con la vicepresidenta de la Rep\u00fablica, Marta Luc\u00eda Ram\u00edrez.<\/p>\n<p>\u201cCon la Vicepresidenta visitamos varios sectores, uno de esos fue Nelson Mandela, en la Localidad 3, que es un sector de m\u00e1s de 45 mil habitantes que viven en pobreza. Hemos escuchado de los l\u00edderes sus inquietudes sobre legalizaci\u00f3n de los predios, seguridad, estado de las v\u00edas\u201d, dijo el mandatario.<\/p>\n<p>La jornada DIEP 2018, busca trasladar a las comunidades toda la oferta institucional, tanto p\u00fablica como privada, para acabar con la pobreza y comenzar a sentar las bases para construir un futuro sostenible en el que los cartageneros satisfagan sus necesidades.<\/p>\n<p>Bajo la coordinaci\u00f3n del Plan de Emergencia Social Pedro Romero PES-PR se realizar\u00e1 esta jornada de manera simult\u00e1nea desde tres puntos visibles de las localidades e identificados con un alto porcentaje de personas en condiciones de pobreza. La meta es lograr atender entre los 3 puntos es de 6.000 personas.<\/p>\n<p><strong>Empresas participantes confirmadas a la fecha <\/strong><\/p>\n<p>\u2714Ultracem: entrega bolsas de cemento<\/p>\n<p>\u2714Fundaci\u00f3n Mario Santo Domingo: stand de proyecci\u00f3n social para la comunidad y muestra de bancarizaci\u00f3n<\/p>\n<p>\u2714Coosalud: stand de servicios, atenci\u00f3n.<\/p>\n<p>\u2714Aguas de Cartagena: Donaci\u00f3n de \u00e1rboles y charlas de sostenibilidad ambiental.<\/p>\n<p>\u2714Electricaribe: stand de atenci\u00f3n a la comunidad.<\/p>\n<p>\u2714ICBF: Oferta proyecci\u00f3n social de cuidado al infante.<\/p>\n<p>\u2714Bancompartir &#8211; Mundo Mujer- Banco W- Bancam\u00eda- Fundaci\u00f3n de la Mujer- BEPS- Banco Caja Social- Davivienda: Oferta de servicios y entrega de microcr\u00e9ditos.<\/p>\n<p>\u2714Ecopetrol S.A: Donaciones<\/p>\n<p>\u2714Armada Nacional: Oferta a las comunidades, grupo GEO, donaciones de bienestarina.<\/p>\n<p>\u2714Fundaci\u00f3n Cartagena Responsabilidad de Todos: Muestra de generaci\u00f3n de ingresos por madres cabeza de familia y 100 almuerzos para ni\u00f1os.<\/p>\n<p>\u2714Fundaci\u00f3n Huellas Sostenibles: Donaci\u00f3n de alimentos saludables.<\/p>\n<p>\u2714Fundaci\u00f3n TECHO: stand de proyecci\u00f3n social<\/p>\n<p>\u2714Grupo cultural Delta 9: Presentaci\u00f3n musical<\/p>\n<p>\u2714Fundaci\u00f3n Extiende tus Manos con Amor: Muestra e invitaci\u00f3n al hogar de paso.<\/p>\n<p>\u2714Instituci\u00f3n Educativa Carl Ros:Manicura, pedicura, belleza integral, valoraci\u00f3n nutricional, pintucarita, charlas de educaci\u00f3n sexual, obsequios y rifas.<\/p>\n<p>\u2714Summit- Unicolombo- Montesinai- Citucar- Tecnar\u00a0\u00a0\u00a0\u00a0\u00a0\u00a0\u00a0\u00a0\u00a0\u00a0 Oferta educativa<\/p>\n<p>\u2714Fundaci\u00f3n alimentar: Valoraciones nutricionales<\/p>\n<p>\u2714Comfenalco: oferta de empleo &#8211; bus del empleo<\/p>\n<p>\u2714Cadena Radial Ol\u00edmpica: Realizar\u00e1 transmisiones desde la Localidad 3<\/p>\n<p>\u2714RCN Radio: Transmitir\u00e1 desde la Localidad 2<\/p>\n<p>\u2714Caracol emisora: Transmitir\u00e1 desde Localidad 1<\/p>\n<p>&nbsp;<\/p>\n<p><strong>Oferta subprogramas del PES-PR<\/strong><\/p>\n<p>Bancarizaci\u00f3n y ahorro: Bancompartir, Mundo Mujer, Banco W, Bancam\u00eda, Fundaci\u00f3n de la Mujer, BEPS, Banco Caja Social, Davivienda.<\/p>\n<p>Ingreso y trabajo: Bus de empleo de Comfenalco<\/p>\n<p>Salud: salud oral, vacunaci\u00f3n<\/p>\n<p>Nutrici\u00f3n: valoraciones nutricionales, charlas de manejo de alimentos y de huertas urbanas<\/p>\n<p>Educaci\u00f3n: Summit, Unicolombo, Montesina\u00ed, Citucar, Tecnar.<\/p>\n<p>Habitabilidad: Pacaribe, Urbaser, que har\u00e1n limpieza de entorno y charlas de ambiente<\/p>\n<p>Acceso a la justicia: Rutas de acceso a la justicia, aprendiendo c\u00f3mo se hace un derecho de petici\u00f3n.<\/p>\n<p>Din\u00e1mica familiar: Rescatando juegos tradicionales y charlas para padres<\/p>\n<p>Identificaci\u00f3n: Registradur\u00eda Nacional<\/p>\n<p>&nbsp;<\/p>\n<p><strong>Oferta distrital <\/strong><\/p>\n<p>\u2714Secretar\u00eda General: apoyo log\u00edstico.<\/p>\n<p>\u2714Escuela Taller: oferta comunidades.<\/p>\n<p>\u2714EPA: programa de proyecci\u00f3n social.<\/p>\n<p>\u2714UMATA: charlas de capacitaci\u00f3n y montaje de unidades productivas agr\u00edcolas, manejo de producci\u00f3n agr\u00edcola sana y sostenible, labores culturales agr\u00edcolas, control y prevenci\u00f3n de plagas y enfermedades pecuaria, pesca artesanal, acuicultura.<\/p>\n<p>\u2714Escuela de Gobierno: oferta institucional, capacitaciones, libro ruta Tierra bomba, entrega DE 2.000 libros.<\/p>\n<p>\u2714Secretar\u00eda del Interior: oferta institucional, festival deportivo, apoyo policivo.<\/p>\n<p>\u2714Secretaria de Participaci\u00f3n: oferta de todos sus programas<\/p>\n<p>\u2714IDER: oferta institucional.<\/p>\n<p>\u2714Corpoturismo: vinculaci\u00f3n al sector productivo.<\/p>\n<p>\u2714EDURBE: programa inauguraci\u00f3n calle 4 Fredonia, e inicio de obras.<\/p>\n<p>\u2714Secretar\u00eda de Hacienda: campa\u00f1a de rebaja impuesto predial, apoyo log\u00edstico<\/p>\n<p>\u2714Distriseguridad: apoyo log\u00edstico, coordinaci\u00f3n de seguridad.<\/p>\n<p>\u2714DATT: apoyo log\u00edstico vial y campa\u00f1a de educaci\u00f3n de seguridad vial<\/p>\n<p>\u2714Corvivienda: oferta institucional, donaciones, mejoramiento de 6 viviendas, adecuaci\u00f3n de 9 v\u00edas, entrega de t\u00edtulos de legalizaci\u00f3n, entrega en Flor del Campo de un mejoramiento de vivienda a una persona con discapacidad.<\/p>\n<p>\u2714Asesora Centro Hist\u00f3rico: banco de alimentos, atenci\u00f3n a familias vulnerables del Centro Hist\u00f3rico.<\/p>\n<p>\u2714Asesora Juventudes: charla de participaci\u00f3n pol\u00edtica de j\u00f3venes.<\/p>\n<p>\u2714M\u00e1s Familias en Acci\u00f3n: oferta institucional.<\/p>\n<p>\u2714Secretar\u00eda de Educaci\u00f3n: campa\u00f1a de matr\u00edculas, informaci\u00f3n Fondo de Becas Bicentenario, oferta institucional.<\/p>\n<p>\u2714DADIS: oferta institucional<\/p>\n<p>\u2714Oficina Jur\u00eddica: oferta abogados para brindar asesor\u00eda a la comunidad sobre el acceso a la justicia.<\/p>\n<p>\u2714Secretar\u00eda de Infraestructura: Presentar\u00e1 su programaci\u00f3n de obras para las tres localidades.<\/p>\n<p>\u2714Oficina Asesora de Servicios P\u00fablicos: Iluminaci\u00f3n para tres zonas de cada localidad.<\/p>\n<p>\u2714Sisb\u00e9n: oferta institucional y revisi\u00f3n del puntaje.<\/p>\n<div><strong>Oferta subprogramas del PES-PR<\/strong><\/div>\n<div><\/div>\n<div>Bancarizaci\u00f3n y ahorro<\/div>\n<div>\u2714Bancompartir<\/div>\n<div>\u2714Mundo Mujer<\/div>\n<div>\u2714Banco W<\/div>\n<div>\u2714Bancamia<\/div>\n<div>\u2714Fundacion de la mujer<\/div>\n<div>\u2714BEPS<\/div>\n<div>\u2714Banco Caja Social<\/div>\n<div>\u2714Davivienda<\/div>\n<div><\/div>\n<div>Oferta de servicios y entrega de microcr\u00e9ditos<\/div>\n<div>Ingreso y trabajo<\/div>\n<div>\u2714Bus de empleo de comfenalco<\/div>\n<div><\/div>\n<div>Salud<\/div>\n<div>\u2714salud oral<\/div>\n<div>\u2714vacunaci\u00f3n<\/div>\n<div><\/div>\n<div>Nutrici\u00f3n<\/div>\n<div>\u2714valoraciones nutricionales<\/div>\n<div>\u2714charlas de manejo de alimentos<\/div>\n<div>\u2714charla de hurtas urbana<\/div>\n<div><\/div>\n<div>Educaci\u00f3n<\/div>\n<div>\u2714Summit<\/div>\n<div>\u2714Unicolombo<\/div>\n<div>\u2714Montesinai<\/div>\n<div>\u2714Citucar<\/div>\n<div>\u2714Tecnar<\/div>\n<div><\/div>\n<div>Oferta educativa y entrega de becas<\/div>\n<div><\/div>\n<div>Habitabilidad<\/div>\n<div>\u2714Pacaribe<\/div>\n<div>\u2714Urbaser<\/div>\n<div><\/div>\n<div>Limpieza de entorno y charlas de ambiente<\/div>\n<div>Acceso a la justicia<\/div>\n<div>\u2714Rutas de acceso a la justicia<\/div>\n<div>\u2714Aprendiendo como se hace un derecho de petici\u00f3n<\/div>\n<div><\/div>\n<div>Dinamica familiar<\/div>\n<div>\u2714rescatando juegos tradicionales<\/div>\n<div>\u2714charlas para padres<\/div>\n<div><\/div>\n<div>Identificaci\u00f3n<\/div>\n<div>\u2714Registraduria nacional<\/div>\n","protected":false},"excerpt":{"rendered":"<p>Este 17 de octubre la Alcald\u00eda de Cartagena, a trav\u00e9s del Plan de Emergencia social PES Pedro Romero, volcar\u00e1 toda su oferta institucional en las tres localidades, en la\u00a0jornada integral contra la pobreza que har\u00e1 el Distrito en el D\u00eda Internacional de Erradicaci\u00f3n de la Pobreza. \u00abNos uniremos para transformar realidades, fomentar desarrollo, promover la consciencia y la acci\u00f3n social. Cartagena y sus tres localidades vivir\u00e1n un evento hist\u00f3rico contra la desiguldad. Es momento de actuar juntos a favor de los dem\u00e1s\u00bb, declar\u00f3 el alcalde Pedrito Pereira Caballero. En la&#8230; <\/p>\n","protected":false},"author":3,"featured_media":27847,"comment_status":"open","ping_status":"closed","sticky":false,"template":"","format":"standard","meta":{"footnotes":"","_links_to":"","_links_to_target":""},"categories":[75,86,32],"tags":[],"class_list":["post-27845","post","type-post","status-publish","format-standard","has-post-thumbnail","hentry","category-destacada","category-comunidad","category-actualidad-distrito"],"_links":{"self":[{"href":"https:\/\/revistazetta.com\/index.php?rest_route=\/wp\/v2\/posts\/27845","targetHints":{"allow":["GET"]}}],"collection":[{"href":"https:\/\/revistazetta.com\/index.php?rest_route=\/wp\/v2\/posts"}],"about":[{"href":"https:\/\/revistazetta.com\/index.php?rest_route=\/wp\/v2\/types\/post"}],"author":[{"embeddable":true,"href":"https:\/\/revistazetta.com\/index.php?rest_route=\/wp\/v2\/users\/3"}],"replies":[{"embeddable":true,"href":"https:\/\/revistazetta.com\/index.php?rest_route=%2Fwp%2Fv2%2Fcomments&post=27845"}],"version-history":[{"count":0,"href":"https:\/\/revistazetta.com\/index.php?rest_route=\/wp\/v2\/posts\/27845\/revisions"}],"wp:featuredmedia":[{"embeddable":true,"href":"https:\/\/revistazetta.com\/index.php?rest_route=\/wp\/v2\/media\/27847"}],"wp:attachment":[{"href":"https:\/\/revistazetta.com\/index.php?rest_route=%2Fwp%2Fv2%2Fmedia&parent=27845"}],"wp:term":[{"taxonomy":"category","embeddable":true,"href":"https:\/\/revistazetta.com\/index.php?rest_route=%2Fwp%2Fv2%2Fcategories&post=27845"},{"taxonomy":"post_tag","embeddable":true,"href":"https:\/\/revistazetta.com\/index.php?rest_route=%2Fwp%2Fv2%2Ftags&post=27845"}],"curies":[{"name":"wp","href":"https:\/\/api.w.org\/{rel}","templated":true}]}}