{"id":27848,"date":"2018-10-17T03:30:45","date_gmt":"2018-10-17T08:30:45","guid":{"rendered":"http:\/\/www.revistazetta.com\/?p=27848"},"modified":"2018-10-17T03:30:45","modified_gmt":"2018-10-17T08:30:45","slug":"pescadores-trabajadores-las-playas-bocagrande-crespo-anuncian-protesta","status":"publish","type":"post","link":"https:\/\/revistazetta.com\/?p=27848","title":{"rendered":"Pescadores y trabajadores de las playas de Bocagrande hasta Crespo anuncian protesta"},"content":{"rendered":"<ul>\n<li><strong><em>La inconformidad nace con el espacio de construcci\u00f3n del proyecto de protecci\u00f3n zona costera de Cartagena y obras urban\u00edsticas, bulevar de Bocagrande para la ampliaci\u00f3n de la avenida Santander y Primera de Bocagrande, en cuyo censo la administraci\u00f3n distrital no los incluy\u00f3, aducen.<\/em><\/strong><\/li>\n<\/ul>\n<p>Para este viernes 19 de octubre, a partir de las 8:00 a.m. qued\u00f3 fijada la marcha pacifica que programaron las corporaciones de servicios tur\u00edsticos, kioscos, masajistas, carperos, collareros, etc. Asociaciones de Pescadores de la zona insular, consejos comunitarios de Tierrabomba, Punta Arena, Ca\u00f1o del Oro, Bocachica, y organizaciones de Palenqueras, que trabajan en las playas de Cartagena y que buscan un reconocimiento de las autoridades por estar por m\u00e1s de 20 a\u00f1os en la zona.<\/p>\n<p>Todas estas organizaciones tienen su asiento territorial y mar\u00edtimo entre el empalme del t\u00fanel de Crespo y el espol\u00f3n irribaren de Bocagrande; espacio de construcci\u00f3n del proyecto de protecci\u00f3n costera de Cartagena y la realizaci\u00f3n de obras urban\u00edsticas en el bulevar de Bocagrande para la ampliaci\u00f3n de la avenida Santander y Primera de Bocagrande. Con estas obras aseguran que estar\u00edan afectados en sus labores.<\/p>\n<p>La marcha pacifica de este viernes parte a las 8:00 a.m. del Parque Flanagan, en Bocagrande, recorre toda la avenida Tercera, hasta llegar al centro de la ciudad, donde se proveen plantones a las afueras de la Capitan\u00eda de Puertos y de la Alcald\u00eda Mayor de Cartagena.<\/p>\n<p>\u201cEl objetivo es exigir al Distrito la inclusi\u00f3n en el censo realizado, pues existen muchas personan que gozan de la confianza leg\u00edtima, con m\u00e1s de 15, 20 y hasta 25 a\u00f1os de manera continua ocupando el territorio de playa, ejercitando sus practicas tradicionales, como medio de subsistencia y hoy, la Oficina de Espacios P\u00fablicos de la Alcald\u00eda, los desconoce. Estamos al frente de un desplazamiento de unas personas que tienen la calidad de afrodescendientes y deben tener un mejor trato\u201d, puntualiz\u00f3 Wilman Herrera Imitola, asesor jur\u00eddico de esta organizaci\u00f3n.<\/p>\n","protected":false},"excerpt":{"rendered":"<p>La inconformidad nace con el espacio de construcci\u00f3n del proyecto de protecci\u00f3n zona costera de Cartagena y obras urban\u00edsticas, bulevar de Bocagrande para la ampliaci\u00f3n de la avenida Santander y Primera de Bocagrande, en cuyo censo la administraci\u00f3n distrital no los incluy\u00f3, aducen. Para este viernes 19 de octubre, a partir de las 8:00 a.m. qued\u00f3 fijada la marcha pacifica que programaron las corporaciones de servicios tur\u00edsticos, kioscos, masajistas, carperos, collareros, etc. Asociaciones de Pescadores de la zona insular, consejos comunitarios de Tierrabomba, Punta Arena, Ca\u00f1o del Oro, Bocachica, y&#8230; <\/p>\n","protected":false},"author":3,"featured_media":0,"comment_status":"open","ping_status":"closed","sticky":false,"template":"","format":"standard","meta":{"footnotes":"","_links_to":"","_links_to_target":""},"categories":[2],"tags":[],"class_list":["post-27848","post","type-post","status-publish","format-standard","hentry","category-actualidad"],"_links":{"self":[{"href":"https:\/\/revistazetta.com\/index.php?rest_route=\/wp\/v2\/posts\/27848","targetHints":{"allow":["GET"]}}],"collection":[{"href":"https:\/\/revistazetta.com\/index.php?rest_route=\/wp\/v2\/posts"}],"about":[{"href":"https:\/\/revistazetta.com\/index.php?rest_route=\/wp\/v2\/types\/post"}],"author":[{"embeddable":true,"href":"https:\/\/revistazetta.com\/index.php?rest_route=\/wp\/v2\/users\/3"}],"replies":[{"embeddable":true,"href":"https:\/\/revistazetta.com\/index.php?rest_route=%2Fwp%2Fv2%2Fcomments&post=27848"}],"version-history":[{"count":0,"href":"https:\/\/revistazetta.com\/index.php?rest_route=\/wp\/v2\/posts\/27848\/revisions"}],"wp:attachment":[{"href":"https:\/\/revistazetta.com\/index.php?rest_route=%2Fwp%2Fv2%2Fmedia&parent=27848"}],"wp:term":[{"taxonomy":"category","embeddable":true,"href":"https:\/\/revistazetta.com\/index.php?rest_route=%2Fwp%2Fv2%2Fcategories&post=27848"},{"taxonomy":"post_tag","embeddable":true,"href":"https:\/\/revistazetta.com\/index.php?rest_route=%2Fwp%2Fv2%2Ftags&post=27848"}],"curies":[{"name":"wp","href":"https:\/\/api.w.org\/{rel}","templated":true}]}}