{"id":27851,"date":"2018-10-17T03:38:20","date_gmt":"2018-10-17T08:38:20","guid":{"rendered":"http:\/\/www.revistazetta.com\/?p=27851"},"modified":"2018-10-17T03:38:20","modified_gmt":"2018-10-17T08:38:20","slug":"familias-accion-invita-titulares-la-gran-asamblea-madres-padres-lideres","status":"publish","type":"post","link":"https:\/\/revistazetta.com\/?p=27851","title":{"rendered":"Familias en Acci\u00f3n invita a sus titulares a la Gran Asamblea de Madres y Padres L\u00edderes"},"content":{"rendered":"<p>La Alcald\u00eda de Cartagena, a trav\u00e9s del programa Familias en Acci\u00f3n invita a todos los titulares y\/o beneficiarios a la Gran Asamblea de Madres y Padres L\u00edderes, que se llevar\u00e1 a cabo el pr\u00f3ximo 26 de octubre, en el coliseo Bernardo Caraballo, a partir de las 9:00 de la ma\u00f1ana.<\/p>\n<p>El objetivo de esta gran jornada es la entrega de los certificados a las madres l\u00edderes salientes y la ratificaci\u00f3n de las que entran como puente entre los beneficiarios y el programa para as\u00ed continuar brindando un servicio de calidad a los titulares tal y como se ha venido realizando hasta el momento.<\/p>\n<p>La asamblea se realiza cada dos a\u00f1os y as\u00ed mismo se hace el cambio de madres y\/o padres l\u00edderes, dando la oportunidad de brindar liderazgo a otros beneficiarios.<\/p>\n<p>\u201cEl prop\u00f3sito que tenemos con ese proceso que realizamos inicialmente con las pre asambleas en donde se escogen la nuevas madres l\u00edderes, es que todas las mamitas o papitos l\u00edderes ayuden en la divulgaci\u00f3n de informaci\u00f3n de una manera veraz y oportuna acerca de las actividades del programa en su comunidad. Ellos van hacer nuestros principales aliados y voceros\u201d, dijo Jacqueline Perea\u201d, enlace Distrital de Familias en Acci\u00f3n.<\/p>\n<p>Las madres y\/o padres seleccionados deber\u00e1n asistir a las capacitaciones y actividades que se realicen para optimizar todos los procesos operativos de M\u00e1s Familias en Acci\u00f3n que conlleven a la entrega efectiva y satisfactoria de los incentivos de salud y educaci\u00f3n en la ciudad.<\/p>\n<p>El evento estar\u00e1 enmarcado con actividades culturales y bailes a cargo de las madres y padres beneficiarios, adem\u00e1s se espera la asistencia del presidente de la Rep\u00fablica Iv\u00e1n Duque M\u00e1rquez y la directora General del programa, Susana Correa.<\/p>\n<p>Para la elecci\u00f3n de estas nuevas madres se realiz\u00f3 un trabajo en m\u00e1s de 145 sectores de Cartagena, incluyendo los corregimientos, caravanas de atenci\u00f3n y extenuantes jornadas para as\u00ed cumplir seg\u00fan lo indica la ley, con las nuevas representantes de cada barrio para el programa Familias en Acci\u00f3n.<\/p>\n","protected":false},"excerpt":{"rendered":"<p>La Alcald\u00eda de Cartagena, a trav\u00e9s del programa Familias en Acci\u00f3n invita a todos los titulares y\/o beneficiarios a la Gran Asamblea de Madres y Padres L\u00edderes, que se llevar\u00e1 a cabo el pr\u00f3ximo 26 de octubre, en el coliseo Bernardo Caraballo, a partir de las 9:00 de la ma\u00f1ana. El objetivo de esta gran jornada es la entrega de los certificados a las madres l\u00edderes salientes y la ratificaci\u00f3n de las que entran como puente entre los beneficiarios y el programa para as\u00ed continuar brindando un servicio de calidad&#8230; <\/p>\n","protected":false},"author":3,"featured_media":27852,"comment_status":"open","ping_status":"closed","sticky":false,"template":"","format":"standard","meta":{"footnotes":"","_links_to":"","_links_to_target":""},"categories":[32,85],"tags":[],"class_list":["post-27851","post","type-post","status-publish","format-standard","has-post-thumbnail","hentry","category-actualidad-distrito","category-cartagena"],"_links":{"self":[{"href":"https:\/\/revistazetta.com\/index.php?rest_route=\/wp\/v2\/posts\/27851","targetHints":{"allow":["GET"]}}],"collection":[{"href":"https:\/\/revistazetta.com\/index.php?rest_route=\/wp\/v2\/posts"}],"about":[{"href":"https:\/\/revistazetta.com\/index.php?rest_route=\/wp\/v2\/types\/post"}],"author":[{"embeddable":true,"href":"https:\/\/revistazetta.com\/index.php?rest_route=\/wp\/v2\/users\/3"}],"replies":[{"embeddable":true,"href":"https:\/\/revistazetta.com\/index.php?rest_route=%2Fwp%2Fv2%2Fcomments&post=27851"}],"version-history":[{"count":0,"href":"https:\/\/revistazetta.com\/index.php?rest_route=\/wp\/v2\/posts\/27851\/revisions"}],"wp:featuredmedia":[{"embeddable":true,"href":"https:\/\/revistazetta.com\/index.php?rest_route=\/wp\/v2\/media\/27852"}],"wp:attachment":[{"href":"https:\/\/revistazetta.com\/index.php?rest_route=%2Fwp%2Fv2%2Fmedia&parent=27851"}],"wp:term":[{"taxonomy":"category","embeddable":true,"href":"https:\/\/revistazetta.com\/index.php?rest_route=%2Fwp%2Fv2%2Fcategories&post=27851"},{"taxonomy":"post_tag","embeddable":true,"href":"https:\/\/revistazetta.com\/index.php?rest_route=%2Fwp%2Fv2%2Ftags&post=27851"}],"curies":[{"name":"wp","href":"https:\/\/api.w.org\/{rel}","templated":true}]}}