{"id":27858,"date":"2018-10-17T04:00:02","date_gmt":"2018-10-17T09:00:02","guid":{"rendered":"http:\/\/www.revistazetta.com\/?p=27858"},"modified":"2018-10-17T04:00:02","modified_gmt":"2018-10-17T09:00:02","slug":"sexteto-vocal-sampling-estara-este-3-noviembre-cartagena","status":"publish","type":"post","link":"https:\/\/revistazetta.com\/?p=27858","title":{"rendered":"El sexteto Vocal Sampling estar\u00e1 este 3 noviembre en Cartagena"},"content":{"rendered":"<p>La agrupaci\u00f3n cubana Vocal Sampling, la cual puede sonar como una orquesta completa pero que realmente su \u00fanico sonido es creado por las voces \u2018A Capella\u2019 de seis m\u00fasicos, estar\u00e1 en Cartagena de Indias en el auditorio Getseman\u00ed del Centro de Convenciones Cartagena de Indias.<\/p>\n<p align=\"justify\">Vocal Sampling ha descollado en la m\u00fasica ya que con una m\u00ednima tecnolog\u00eda vocal, con manos y cuerpos, los int\u00e9rpretes crean un amplio rango de timbres y texturas, para reproducir todo tipo de g\u00e9neros musicales.<\/p>\n<p align=\"justify\">Los int\u00e9rpetres Ren\u00e9 Ba\u00f1os, Oscar Porro, Abel Sanabria, Reinaldo Sanler, Renato Mora, Jorge Chaviano estar\u00e1n arribando a Colombia, el 29 de este mes a la ciudad desde la ciudad de La Habana a Barranquilla en donde grabar\u00e1n varios videoclips.<\/p>\n<p align=\"justify\">Se trata de seis voces que alcanzan cientos de tonos y sonoridades musicales e instrumentales, que desde hace 28 a\u00f1os han logrado posicionar a Vocal Sampling, como la orquesta vocal m\u00e1s famosa del mundo.<\/p>\n<p align=\"justify\">\u201cHemos cantado de todo, funky, rock, salsa, boleros, pero al p\u00fablico le encanta cuando interpret\u00e1bamos vocalmente piezas de m\u00fasica cl\u00e1sica\u201d, ha dicho Reinaldo Sanler el fundador del grupo.<\/p>\n<p align=\"justify\">En 1996 con el alb\u00fam \u201cUna forma m\u00e1s\u201d, interpretaron temas como \u201cQu\u00e9 bueno baila usted\u201d y \u201cLa negra Tomasa\u201d, con lo que se catapultaron a la fama mundial. En el 2000 volvieron con el trabajo \u201cCambio de tiempo\u201d con temas como \u201cEl cuarto de Tula\u201d, \u201cApreta\u00edto pero relajao\u201d, entre otros.<\/p>\n<p align=\"justify\">En 2006 con el trabajo \u201cAkapelleando\u201d su versi\u00f3n con video de \u201cHotel California\u201d le dio la vuelta al mundo. En 2017 hicieron el alb\u00fam, \u201cAs\u00ed de Sampling\u201d, con temas como \u201cBuscando Guayaba\u201d, y \u201cEvery Breath You Take\u201d.<\/p>\n<p align=\"justify\">En sus giras por el mundo Vocal Sampling han dejado huella en la m\u00fasica tradicional cubana, pero tambi\u00e9n influenciado fuertemente por la salsa moderna, el jazz, la fusi\u00f3n y el rock ingeniosamente interpretadas y arregladas para su formato A Capella. La virtuosidad vocal y la habilidad t\u00e9cnica de sus cantantes combinadas con su din\u00e1mica presencia esc\u00e9nica garantizan la exuberancia y colorido de sus presentaciones.<\/p>\n<p align=\"justify\">Ese es el grupo que estar\u00e1 en Cartagena y Colombia. Los int\u00e9rpretes estar\u00e1n en gira por Colombia, luego de La Heroica, se presentar\u00e1n el 7 de noviembre en el teatro Astor Plaza de Bogot\u00e1, y posteriomente en el teatro Tolima de Ibagu\u00e9. El 9 de noviembre en ella discoteca D\u00edscolo de Barranquilla<\/p>\n<p align=\"justify\">El empresario Orlando Novoa anunci\u00f3 que los estudiantes en las cuatro ciudades en donde se presenten Vocal Sampling tendr\u00e1n descuentos del 50%.<\/p>\n<p align=\"justify\"><a href=\"https:\/\/www.youtube.com\/watch?v=_xj1ncF5hSY\" target=\"_blank\" rel=\"noopener\" data-saferedirecturl=\"https:\/\/www.google.com\/url?q=https:\/\/www.youtube.com\/watch?v%3D_xj1ncF5hSY&amp;source=gmail&amp;ust=1539852883705000&amp;usg=AFQjCNEqS2adPFKgibybNna7c9vJ-Zx5nA\">https:\/\/www.youtube.com\/watch?<wbr \/>v=_xj1ncF5hSY<\/a><\/p>\n","protected":false},"excerpt":{"rendered":"<p>La agrupaci\u00f3n cubana Vocal Sampling, la cual puede sonar como una orquesta completa pero que realmente su \u00fanico sonido es creado por las voces \u2018A Capella\u2019 de seis m\u00fasicos, estar\u00e1 en Cartagena de Indias en el auditorio Getseman\u00ed del Centro de Convenciones Cartagena de Indias. Vocal Sampling ha descollado en la m\u00fasica ya que con una m\u00ednima tecnolog\u00eda vocal, con manos y cuerpos, los int\u00e9rpretes crean un amplio rango de timbres y texturas, para reproducir todo tipo de g\u00e9neros musicales. Los int\u00e9rpetres Ren\u00e9 Ba\u00f1os, Oscar Porro, Abel Sanabria, Reinaldo Sanler,&#8230; <\/p>\n","protected":false},"author":3,"featured_media":27859,"comment_status":"open","ping_status":"closed","sticky":false,"template":"","format":"standard","meta":{"footnotes":"","_links_to":"","_links_to_target":""},"categories":[41,43],"tags":[],"class_list":["post-27858","post","type-post","status-publish","format-standard","has-post-thumbnail","hentry","category-cultura","category-cultura-musica"],"_links":{"self":[{"href":"https:\/\/revistazetta.com\/index.php?rest_route=\/wp\/v2\/posts\/27858","targetHints":{"allow":["GET"]}}],"collection":[{"href":"https:\/\/revistazetta.com\/index.php?rest_route=\/wp\/v2\/posts"}],"about":[{"href":"https:\/\/revistazetta.com\/index.php?rest_route=\/wp\/v2\/types\/post"}],"author":[{"embeddable":true,"href":"https:\/\/revistazetta.com\/index.php?rest_route=\/wp\/v2\/users\/3"}],"replies":[{"embeddable":true,"href":"https:\/\/revistazetta.com\/index.php?rest_route=%2Fwp%2Fv2%2Fcomments&post=27858"}],"version-history":[{"count":0,"href":"https:\/\/revistazetta.com\/index.php?rest_route=\/wp\/v2\/posts\/27858\/revisions"}],"wp:featuredmedia":[{"embeddable":true,"href":"https:\/\/revistazetta.com\/index.php?rest_route=\/wp\/v2\/media\/27859"}],"wp:attachment":[{"href":"https:\/\/revistazetta.com\/index.php?rest_route=%2Fwp%2Fv2%2Fmedia&parent=27858"}],"wp:term":[{"taxonomy":"category","embeddable":true,"href":"https:\/\/revistazetta.com\/index.php?rest_route=%2Fwp%2Fv2%2Fcategories&post=27858"},{"taxonomy":"post_tag","embeddable":true,"href":"https:\/\/revistazetta.com\/index.php?rest_route=%2Fwp%2Fv2%2Ftags&post=27858"}],"curies":[{"name":"wp","href":"https:\/\/api.w.org\/{rel}","templated":true}]}}