{"id":27862,"date":"2018-10-17T04:10:25","date_gmt":"2018-10-17T09:10:25","guid":{"rendered":"http:\/\/www.revistazetta.com\/?p=27862"},"modified":"2018-10-17T04:10:25","modified_gmt":"2018-10-17T09:10:25","slug":"concejo-propone-plan-maestro-uso-la-bicicleta-cartagena","status":"publish","type":"post","link":"https:\/\/revistazetta.com\/?p=27862","title":{"rendered":"Concejo propone plan maestro para el uso de la bicicleta en Cartagena"},"content":{"rendered":"<p>El concejal del Partido de la U, C\u00e9sar Pi\u00f3n Gonz\u00e1lez present\u00f3 ante la Plenaria, el proyecto de acuerdo que propone facultar al alcalde (e) Pedrito Pereira para convocar a todos los sectores involucrados en crear una cultura ciudadana alrededor del\u00a0 uso diario de las bicicletas en la ciudad. As\u00ed mismo, la iniciativa busca desde este Plan Maestro, la creaci\u00f3n de pol\u00edticas p\u00fablicas frente al tema.<\/p>\n<p>\u201cDebe reglamentarse y socializarse el uso de la bicicleta porque nos permite estar en armon\u00eda con el medio ambiente. Sabemos que Cartagena no cuenta con la infraestructura y no hay un plan de\u00a0 ciclorutas establecidas. Nosotros los ciclistas y me incluyo, somos objeto de robos constantes en diversos puntos de la ciudad. M\u00e1s de mil bicicletas transitan por la zona norte y el domingo hubo un intento de homicidio. De acuerdo con la ley 1811 de 2016 por la cual se otorgan incentivos para promover el uso de este medio de transporte, queremos a trav\u00e9s de este proyecto ser el puente para escuchar a la ciudadan\u00eda. De manera que en tres meses el alcalde presente este plan, as\u00ed mismo, se garantice la seguridad del ciclista y se reorienten recursos para lo que sea necesario\u201d dijo el cabildante.<\/p>\n<p>Por su parte, el concejal Lewis Montero Polo, dijo que este proyecto debe acogerse, no s\u00f3lo en la zona norte, sino en todas las localidades de la ciudad. \u201cPara implementarlo se necesita inversi\u00f3n y sugiero presupuestar para saber cu\u00e1nto ser\u00eda el costo en \u00a0infraestructura en todo el distrito. Que todas las secretar\u00edas aporten para este proyecto desde su presupuesto. Propongo una reuni\u00f3n con el alcalde para incluir partida en el presupuesto del pr\u00f3ximo a\u00f1o que empezaremos a debatir en algunos d\u00edas. Cabe anotar que \u00a0Cartagena no est\u00e1 preparada para estas iniciativas, pero hay que buscar las formas de dar el primer paso\u201d<\/p>\n<p>El concejal Rafael Meza, record\u00f3 que el ex concejal, Andr\u00e9s Betancourt hab\u00eda presentado un proyecto de acuerdo similar y que valdr\u00eda la pena volver a revisarlo para enriquecer el hoy propuesto en la Plenaria.<\/p>\n<p>Pi\u00f3n Gonz\u00e1lez, puntualiz\u00f3 \u00a0\u201ceste proyecto puede obtener recursos,\u00a0 a trav\u00e9s del proyecto de acuerdo\u00a0 de parqueaderos que present\u00f3 el Concejo y\u00a0 que cobrar\u00eda a todos aquellos conductores que se parqueen en v\u00eda p\u00fablica, y por el cual, no sabemos con qu\u00e9 inter\u00e9s se desbarat\u00f3. Tambi\u00e9n puede ser a partir de la sobretasa a la telefon\u00eda o del mismo peaje que tenemos. Hay que gestionar las cosas para que esto no se quede en el papel.\u201d<\/p>\n<p>El concejal Javier Curi aport\u00f3 a la iniciativa del concejal de la U, un material para\u00a0 su revisi\u00f3n. \u201cUn documento del BID (Banco Interamericano de Desarrollo) que incluye las pol\u00edticas de ciclo-inclusi\u00f3n en Am\u00e9rica Latina, este recoge todas las experiencias que se han realizado en esta parte del continente en cuanto al transporte de la bicicleta. En Colombia el ejemplo lo tenemos con Bogot\u00e1, que tiene m\u00e1s de 600km de ciclorrutas, pero los usuarios padecen de una gran ola de inseguridad. Precisamente, traje una proposici\u00f3n que acompa\u00f1a su tema\u201d<\/p>\n<p>&nbsp;<\/p>\n<p>&nbsp;<\/p>\n<p>&nbsp;<\/p>\n<p>\u201cLa proposici\u00f3n tiene por objeto que se le explique a la Corporaci\u00f3n dos convenios suscritos con Findeter en el 2016. El convenio #2 mediante el cual se elabor\u00f3 un Plan de Acci\u00f3n dentro del programa ciudades sostenibles. La intenci\u00f3n de esta proposici\u00f3n en el marco del estudio del presupuesto, es conocer el avance en dos temas fundamentales como son la movilidad y la adaptaci\u00f3n del cambio clim\u00e1tico. As\u00ed mismo, el desarrollo urbano,\u00a0 el econ\u00f3mico y social, gobernabilidad y transparencia. Qu\u00e9 se nos explique en cada \u00e1rea de \u00a0sostenibilidad de la ciudad en qu\u00e9 va este plan de acci\u00f3n \u00a0debido a que el BID cuenta con 50 millones de d\u00f3lares destinados para financiarlo. Adicionalmente, el convenio #20 que se suscribi\u00f3 con Findeter y BID para fortalecer la capacidad de la Secretar\u00eda de Planeaci\u00f3n, esta proposici\u00f3n solicitar\u00e1 al Secretario conocer el avance, estado, resultados y las acciones sobre este convenio.\u201d Dijo Curi Osorio.<\/p>\n<p><strong>Otros temas<\/strong><\/p>\n<p><strong>Inician trabajos en Plaza de Toros<\/strong><\/p>\n<p>El concejal Rodrigo Reyes Pereira present\u00f3 en Plenaria a trav\u00e9s de fotograf\u00edas, los avances que se han gestionado con el prop\u00f3sito de recuperar la Plaza de Toros como un escenario cultural para el entretenimiento de la ciudad.<\/p>\n<p>\u201cHemos venido trabajando en conjunto con el IPCC con el objetivo de habilitar la Plaza de Toros para albergar espect\u00e1culos con un aforo de 5 mil personas aproximadamente. Recibimos adem\u00e1s, apoyo de la empresa privada y la Secretar\u00eda del Interior.<\/p>\n<p>El escenario estaba completamente abandonado, considero que podemos tener una partida presupuestal para su mantenimiento. Visitamos tambi\u00e9n, el estadio de beisbol de la Candelaria, al cual se le invirtieron \u00a0m\u00e1s de 12 mil millones y hoy est\u00e1 parado.\u00a0 Eso no lo podemos permitir, hay que poner las obras al servicio de la comunidad.\u00a0 El IDER debe descentralizarse y tener una oficina cerca de los escenarios que d\u00e9 cuenta de lo que est\u00e1 pasando. As\u00ed mismo, anuncio tambi\u00e9n que haremos un debate de los centros de salud que se encuentran en abandono, se hicieron unas inversiones importantes y ahora no hay dolientes.\u201d<\/p>\n<p>El concejal Rafael Meza, resalt\u00f3 la propuesta y dijo que en su columna de hoy propuso la construcci\u00f3n de un coliseo cubierto en aras de proteger los escenarios deportivos y la Plaza de Toros.<\/p>\n<p>El concejal David Caballero, propuso una socializaci\u00f3n con la Secretar\u00eda del Interior para evitar que se generen impases y actos de vandalismo alrededor de la Plaza y que no culpen a la champeta por este tipo de situaciones.<\/p>\n<p>El concejal Dagoberto Mac\u00edas dijo que no s\u00f3lo es importante gestionar la habilitaci\u00f3n de los espacios, sino que exista reglamentaci\u00f3n. \u201cSin reglamentaci\u00f3n hay incertidumbre, debemos designar una comisi\u00f3n para iniciar este trabajo\u201d dijo.<\/p>\n<p>El concejal Oscar Mar\u00edn Villalba, se pregunt\u00f3 cu\u00e1l era la intenci\u00f3n de decir que la Plaza de Toros no estaba en condiciones para presentar eventos. \u201cSi la Plaza\u00a0 estaba habilitada, no entiendo el porqu\u00e9 de su abandono. Creo que debemos analizar los permisos para estos espect\u00e1culos que expide la Secretar\u00eda del Interior\u201d precis\u00f3 Mar\u00edn.<\/p>\n<p>Para finalizar, la concejala Judith D\u00edaz intervino acerca de los temas que ocuparon la Plenaria. \u201cLa zona norte a pesar de todo, no es la m\u00e1s segura. En cuanto al tema de los escenarios deportivos debe garantiz\u00e1rseles la inversi\u00f3n o que sean autos sostenibles. En el tema de la Plaza de Toros, debe terminar la adecuaci\u00f3n para evitar accidentes y propender por su mantenimiento\u201d manifest\u00f3 D\u00edaz.<\/p>\n","protected":false},"excerpt":{"rendered":"<p>El concejal del Partido de la U, C\u00e9sar Pi\u00f3n Gonz\u00e1lez present\u00f3 ante la Plenaria, el proyecto de acuerdo que propone facultar al alcalde (e) Pedrito Pereira para convocar a todos los sectores involucrados en crear una cultura ciudadana alrededor del\u00a0 uso diario de las bicicletas en la ciudad. As\u00ed mismo, la iniciativa busca desde este Plan Maestro, la creaci\u00f3n de pol\u00edticas p\u00fablicas frente al tema. \u201cDebe reglamentarse y socializarse el uso de la bicicleta porque nos permite estar en armon\u00eda con el medio ambiente. Sabemos que Cartagena no cuenta con&#8230; <\/p>\n","protected":false},"author":3,"featured_media":27863,"comment_status":"open","ping_status":"closed","sticky":false,"template":"","format":"standard","meta":{"footnotes":"","_links_to":"","_links_to_target":""},"categories":[75,27,4],"tags":[],"class_list":["post-27862","post","type-post","status-publish","format-standard","has-post-thumbnail","hentry","category-destacada","category-politicaconcejo","category-politica"],"_links":{"self":[{"href":"https:\/\/revistazetta.com\/index.php?rest_route=\/wp\/v2\/posts\/27862","targetHints":{"allow":["GET"]}}],"collection":[{"href":"https:\/\/revistazetta.com\/index.php?rest_route=\/wp\/v2\/posts"}],"about":[{"href":"https:\/\/revistazetta.com\/index.php?rest_route=\/wp\/v2\/types\/post"}],"author":[{"embeddable":true,"href":"https:\/\/revistazetta.com\/index.php?rest_route=\/wp\/v2\/users\/3"}],"replies":[{"embeddable":true,"href":"https:\/\/revistazetta.com\/index.php?rest_route=%2Fwp%2Fv2%2Fcomments&post=27862"}],"version-history":[{"count":0,"href":"https:\/\/revistazetta.com\/index.php?rest_route=\/wp\/v2\/posts\/27862\/revisions"}],"wp:featuredmedia":[{"embeddable":true,"href":"https:\/\/revistazetta.com\/index.php?rest_route=\/wp\/v2\/media\/27863"}],"wp:attachment":[{"href":"https:\/\/revistazetta.com\/index.php?rest_route=%2Fwp%2Fv2%2Fmedia&parent=27862"}],"wp:term":[{"taxonomy":"category","embeddable":true,"href":"https:\/\/revistazetta.com\/index.php?rest_route=%2Fwp%2Fv2%2Fcategories&post=27862"},{"taxonomy":"post_tag","embeddable":true,"href":"https:\/\/revistazetta.com\/index.php?rest_route=%2Fwp%2Fv2%2Ftags&post=27862"}],"curies":[{"name":"wp","href":"https:\/\/api.w.org\/{rel}","templated":true}]}}