{"id":27864,"date":"2018-10-17T04:13:13","date_gmt":"2018-10-17T09:13:13","guid":{"rendered":"http:\/\/www.revistazetta.com\/?p=27864"},"modified":"2018-10-17T04:13:13","modified_gmt":"2018-10-17T09:13:13","slug":"cartagena-se-prepara-la-movilizacion-me-la-juego-los-ninos","status":"publish","type":"post","link":"https:\/\/revistazetta.com\/?p=27864","title":{"rendered":"Cartagena se prepara para la movilizaci\u00f3n \u201cMe la juego por los ni\u00f1os\u201d"},"content":{"rendered":"<p>Con el prop\u00f3sito de rechazar los aberrantes hechos que se presentan en el pa\u00eds en contra de los ni\u00f1os, el 20 de octubre a las 8:00 de la ma\u00f1ana desde la Torre del Reloj los cartageneros unir\u00e1n su voz, sin importar tinte pol\u00edtico, religi\u00f3n, raza o sexo para defender los derechos de los m\u00e1s peque\u00f1os.<\/p>\n<p>Luis Santiago Lozano (11 meses), Jeny Katherine Huertas (7a\u00f1os), Cristian Camilo Castrill\u00f3n (2 a\u00f1os), G\u00e9nesis R\u00faa (9 a\u00f1os), Yuliana Zambon\u00ed (7 a\u00f1os) y otros, de quienes se desconocen sus nombres y el de sus victimarios;\u00a0fueron violados, torturados y asesinados. Hoy se desconoce el paradero de Alberto Cardona (6 a\u00f1os), de Paula Nicole Palacios (5 a\u00f1os), Karen Dayana Lambra\u00f1o (7 a\u00f1os); estos casos no pueden quedar en el olvido y merecen una manifestaci\u00f3n c\u00edvica y pluralista para integrar a todos los sectores.<\/p>\n<p>En este sentido, la sociedad civil, el Centro Democr\u00e1tico, Colombia Justa Libres y Mira se unir\u00e1n a la iniciativa para ser la voz de los ni\u00f1os v\u00edctimas de cualquier tipo de violencia.<\/p>\n<p>Las cifras sobre reclutamiento de menores, abuso sexual, violencia y maltrato en contra de los ni\u00f1os son cada vez m\u00e1s alarmantes y deplorables, por este motivo, el s\u00e1bado\u00a0en la Torre del Reloj los cartageneros saldr\u00e1n y unir\u00e1n su voz.<\/p>\n","protected":false},"excerpt":{"rendered":"<p>Con el prop\u00f3sito de rechazar los aberrantes hechos que se presentan en el pa\u00eds en contra de los ni\u00f1os, el 20 de octubre a las 8:00 de la ma\u00f1ana desde la Torre del Reloj los cartageneros unir\u00e1n su voz, sin importar tinte pol\u00edtico, religi\u00f3n, raza o sexo para defender los derechos de los m\u00e1s peque\u00f1os. Luis Santiago Lozano (11 meses), Jeny Katherine Huertas (7a\u00f1os), Cristian Camilo Castrill\u00f3n (2 a\u00f1os), G\u00e9nesis R\u00faa (9 a\u00f1os), Yuliana Zambon\u00ed (7 a\u00f1os) y otros, de quienes se desconocen sus nombres y el de sus victimarios;\u00a0fueron&#8230; <\/p>\n","protected":false},"author":3,"featured_media":27865,"comment_status":"open","ping_status":"closed","sticky":false,"template":"","format":"standard","meta":{"footnotes":"","_links_to":"","_links_to_target":""},"categories":[2,35],"tags":[],"class_list":["post-27864","post","type-post","status-publish","format-standard","has-post-thumbnail","hentry","category-actualidad","category-actualidad-nacion"],"_links":{"self":[{"href":"https:\/\/revistazetta.com\/index.php?rest_route=\/wp\/v2\/posts\/27864","targetHints":{"allow":["GET"]}}],"collection":[{"href":"https:\/\/revistazetta.com\/index.php?rest_route=\/wp\/v2\/posts"}],"about":[{"href":"https:\/\/revistazetta.com\/index.php?rest_route=\/wp\/v2\/types\/post"}],"author":[{"embeddable":true,"href":"https:\/\/revistazetta.com\/index.php?rest_route=\/wp\/v2\/users\/3"}],"replies":[{"embeddable":true,"href":"https:\/\/revistazetta.com\/index.php?rest_route=%2Fwp%2Fv2%2Fcomments&post=27864"}],"version-history":[{"count":0,"href":"https:\/\/revistazetta.com\/index.php?rest_route=\/wp\/v2\/posts\/27864\/revisions"}],"wp:featuredmedia":[{"embeddable":true,"href":"https:\/\/revistazetta.com\/index.php?rest_route=\/wp\/v2\/media\/27865"}],"wp:attachment":[{"href":"https:\/\/revistazetta.com\/index.php?rest_route=%2Fwp%2Fv2%2Fmedia&parent=27864"}],"wp:term":[{"taxonomy":"category","embeddable":true,"href":"https:\/\/revistazetta.com\/index.php?rest_route=%2Fwp%2Fv2%2Fcategories&post=27864"},{"taxonomy":"post_tag","embeddable":true,"href":"https:\/\/revistazetta.com\/index.php?rest_route=%2Fwp%2Fv2%2Ftags&post=27864"}],"curies":[{"name":"wp","href":"https:\/\/api.w.org\/{rel}","templated":true}]}}