{"id":27866,"date":"2018-10-17T04:35:17","date_gmt":"2018-10-17T09:35:17","guid":{"rendered":"http:\/\/www.revistazetta.com\/?p=27866"},"modified":"2018-10-17T04:35:17","modified_gmt":"2018-10-17T09:35:17","slug":"orbita-politica-john-zamora-miercoles-17-octubre","status":"publish","type":"post","link":"https:\/\/revistazetta.com\/?p=27866","title":{"rendered":"\u00d3rbita Pol\u00edtica de John Zamora \u2013 mi\u00e9rcoles 17 de octubre"},"content":{"rendered":"<p><strong>Por la universidad p\u00fablica<\/strong><\/p>\n<p>El congresista Yamilito Arana radic\u00f3 en la C\u00e1mara de Representantes una proposici\u00f3n para aumentar en $4.5 billones el presupuesto de las universidades p\u00fablicas. La iniciativa la hizo en conjunto con los congresistas Katherine Miranda y David Racero, y busca afianzar la educaci\u00f3n superior de car\u00e1cter p\u00fablico, en consonancia con el mayoritario clamor de los estudiantes que en marchas y velatones han visibilizado la realidad de la universidad p\u00fablica.<\/p>\n<p>&nbsp;<\/p>\n<p><strong>Espacio para los artistas locales<\/strong><\/p>\n<p>Incluir como requisito para otorgar los permisos de los grandes espect\u00e1culos, que un artista cartagenero est\u00e9 presente en la agenda de los conciertos, es el objetivo de una proposici\u00f3n presentada por el concejal \u00d3scar Mar\u00edn.<\/p>\n<p>Entendiendo que la champeta fue declarada Patrimonio Cultural Inmaterial del Distrito de Cartagena, el concejal dijo que \u201cdebemos ser garantes, potenciar, fortalecer y visibilizar la manifestaci\u00f3n cultural que expresan miles de j\u00f3venes cartageneros a trav\u00e9s de la pr\u00e1ctica y musicalizaci\u00f3n de un g\u00e9nero que se niega a desaparecer y que como concejales de la ciudad debemos impulsar, con el prop\u00f3sito de generar progreso\u00a0 y desarrollo\u00a0en las comunidades vulnerables de la ciudad\u201d.<\/p>\n<p>\u201cDe esta manera tambi\u00e9n hacemos un reconocimiento local a los cantantes de la m\u00fasica champeta y aquellos j\u00f3venes que interpretan otro tipo de g\u00e9nero musical, y que estos eventos donde se presenten aristas internacionales y nacionales sirvan de plataforma o trampol\u00edn para el artista local\u201d, dijo Mar\u00edn.<\/p>\n<p>&nbsp;<\/p>\n<p><strong>B\u00fasqueda de Secretario<\/strong><\/p>\n<p>Por medio de la resoluci\u00f3n No. 5441de octubre de 2018, la Asamblea Departamental de Bol\u00edvar convoc\u00f3 a los ciudadanos interesados en participar en el proceso de selecci\u00f3n y elecci\u00f3n para proveer el cargo de secretario (a) general, para el periodo comprendido entre el 1 de enero y el 31 de diciembre de 2019.<\/p>\n<p>El proceso inici\u00f3 el d\u00eda 10 de octubre con la apertura de la convocatoria y finalizar\u00e1 el pr\u00f3ximo 29 de noviembre con la elecci\u00f3n del aspirante que haya cumplido con los requisitos para proveer el cargo.<\/p>\n<p>De acuerdo con el cronograma establecido en la resoluci\u00f3n, las inscripciones se efectuar\u00e1n los d\u00edas 22 y 23 de octubre, siendo el d\u00eda 23 la fecha en que se publicar\u00e1 la lista de inscritos.<\/p>\n<p>Las personas que deseen participar en el proceso deben ser ciudadanos colombianos en ejercicio, acreditar t\u00edtulo universitario, haber ejercicio cargos similares no inferior a un a\u00f1o o haber sido diputado o haber ocupado el cargo de secretario general en propiedad en periodos anteriores.<\/p>\n<p>Los aspirantes pueden consultar la resoluci\u00f3n en la p\u00e1gina web de la Asamblea Departamental de Bol\u00edvar en el link <a href=\"https:\/\/asambleadebolivar.gov.co\/servicios\/2018\/resolucion-no-5441\" target=\"_blank\" rel=\"noopener\">https:\/\/asambleadebolivar.gov.co\/servicios\/2018\/resolucion-no-5441<\/a>y en la cartelera de la corporaci\u00f3n ubicada en el piso 5 del Edificio Centro Empresarial El im\u00e1n en el barrio Manga\u00a03ra avenida No. 24 \u2013 79.<\/p>\n<p>&nbsp;<\/p>\n","protected":false},"excerpt":{"rendered":"<p>Por la universidad p\u00fablica El congresista Yamilito Arana radic\u00f3 en la C\u00e1mara de Representantes una proposici\u00f3n para aumentar en $4.5 billones el presupuesto de las universidades p\u00fablicas. La iniciativa la hizo en conjunto con los congresistas Katherine Miranda y David Racero, y busca afianzar la educaci\u00f3n superior de car\u00e1cter p\u00fablico, en consonancia con el mayoritario clamor de los estudiantes que en marchas y velatones han visibilizado la realidad de la universidad p\u00fablica. &nbsp; Espacio para los artistas locales Incluir como requisito para otorgar los permisos de los grandes espect\u00e1culos, que&#8230; <\/p>\n","protected":false},"author":3,"featured_media":27867,"comment_status":"open","ping_status":"closed","sticky":false,"template":"","format":"standard","meta":{"footnotes":"","_links_to":"","_links_to_target":""},"categories":[75,47,44,45],"tags":[],"class_list":["post-27866","post","type-post","status-publish","format-standard","has-post-thumbnail","hentry","category-destacada","category-john-zamora","category-materiagris","category-orbita"],"_links":{"self":[{"href":"https:\/\/revistazetta.com\/index.php?rest_route=\/wp\/v2\/posts\/27866","targetHints":{"allow":["GET"]}}],"collection":[{"href":"https:\/\/revistazetta.com\/index.php?rest_route=\/wp\/v2\/posts"}],"about":[{"href":"https:\/\/revistazetta.com\/index.php?rest_route=\/wp\/v2\/types\/post"}],"author":[{"embeddable":true,"href":"https:\/\/revistazetta.com\/index.php?rest_route=\/wp\/v2\/users\/3"}],"replies":[{"embeddable":true,"href":"https:\/\/revistazetta.com\/index.php?rest_route=%2Fwp%2Fv2%2Fcomments&post=27866"}],"version-history":[{"count":0,"href":"https:\/\/revistazetta.com\/index.php?rest_route=\/wp\/v2\/posts\/27866\/revisions"}],"wp:featuredmedia":[{"embeddable":true,"href":"https:\/\/revistazetta.com\/index.php?rest_route=\/wp\/v2\/media\/27867"}],"wp:attachment":[{"href":"https:\/\/revistazetta.com\/index.php?rest_route=%2Fwp%2Fv2%2Fmedia&parent=27866"}],"wp:term":[{"taxonomy":"category","embeddable":true,"href":"https:\/\/revistazetta.com\/index.php?rest_route=%2Fwp%2Fv2%2Fcategories&post=27866"},{"taxonomy":"post_tag","embeddable":true,"href":"https:\/\/revistazetta.com\/index.php?rest_route=%2Fwp%2Fv2%2Ftags&post=27866"}],"curies":[{"name":"wp","href":"https:\/\/api.w.org\/{rel}","templated":true}]}}