{"id":27869,"date":"2018-10-17T05:01:58","date_gmt":"2018-10-17T10:01:58","guid":{"rendered":"http:\/\/www.revistazetta.com\/?p=27869"},"modified":"2018-10-17T05:01:58","modified_gmt":"2018-10-17T10:01:58","slug":"autoridades-dialogan-comunidad-la-victoria-rechaza-paso-remocaldores-rio","status":"publish","type":"post","link":"https:\/\/revistazetta.com\/?p=27869","title":{"rendered":"Autoridades dialogan con comunidad de La Victoria, que rechaza paso de remocaldores por el r\u00edo"},"content":{"rendered":"<p>Comisi\u00f3n de la Gobernaci\u00f3n de Bol\u00edvar y Fuerza P\u00fablica establecer\u00e1n di\u00e1logo con la comunidad de La Victoria para tomar acciones ante manifestaciones ocasionadas por el paso de remolcadores en la zona.<\/p>\n<p>En un Consejo Extraordinario de Seguridad encabezado por el Gobernador Dumek Turbay, y el que participaron el vicealmirante Gabriel P\u00e9rez Garc\u00e9s, comandante de la Fuerza Naval del Caribe; coronel Mauricio B\u00e1ez G\u00f3mez, comandante de Polic\u00eda de Bol\u00edvar; Consuelo Castilla, subdirectora de Navegaci\u00f3n Cormagdalena, y dem\u00e1s miembros de la fuerza p\u00fablica, se determin\u00f3 que una comisi\u00f3n viajar\u00e1 este mi\u00e9rcoles a conversar con los habitantes de La Victoria, jurisdicci\u00f3n de Pinillos y tomar medidas que le brinden tranquilidad a esta comunidad y permitan el normal flujo del transporte fluvial en esta zona.<\/p>\n<p>En la Casa de la Moneda el gobernador Dumek Turbay presidi\u00f3 un Consejo Extraordinario de Seguridad ante los miembros de la fuerza p\u00fablica para revisar la situaci\u00f3n que se est\u00e1 viviendo en La Victoria jurisdicci\u00f3n del municipio de Pinillos con relaci\u00f3n a los remolcadores que pasan por el ca\u00f1o de La Victoria y que est\u00e1n siendo objeto de perturbaci\u00f3n y bloqueos por parte de las comunidades que no est\u00e1n de acuerdo con su paso.<\/p>\n<p>El malestar se genera debido a que estas embarcaciones est\u00e1n erosionando la ribera de esa zona y seg\u00fan la comunidad tambi\u00e9n les afectan sus cultivos, raz\u00f3n por la cual decidieron retener un remolcador con una cantidad considerable de barriles de petr\u00f3leo e impedir el paso normal de \u00e9ste por el brazo del r\u00edo Magdalena.<\/p>\n<p>Ante esta situaci\u00f3n el Vicelamiralmirante Gabriel P\u00e9rez Garc\u00e9s Comandante de la Fuerza Naval del Caribe indic\u00f3 que \u201c esta acci\u00f3n constituye un delito al que las autoridades judiciales entrar\u00e1n a evaluar, por otra parte, la Armada Nacional y la fuerza p\u00fablica han hecho presencia en la zona con las unidades fluviales que tienen acceso y nuestro personal ha hecho contacto directo para dialogar con ellos y buscar una soluci\u00f3n, de hecho se logr\u00f3 que la comunidad permitiera la movilidad del remolcador y el bongo retenidos\u201d.<\/p>\n<p>Por su parte, durante el Consejo de Seguridad el gobernador Dumek Turbay y las autoridades competentes establecieron que ma\u00f1ana se realizar\u00e1 una comisi\u00f3n para establecer un di\u00e1logo entre la comunidad y los funcionarios de la gobernaci\u00f3n encabezado por el Director de Gesti\u00f3n de Riesgos Ariel Zambrano y el Director de seguridad Jos\u00e9 Ricardo Ardila con el apoyo de la Armada Nacional, la Procuradur\u00eda, la Defensor\u00eda y dem\u00e1s autoridades. \u201cQueremos tener una conversaci\u00f3n con la comunidad, conocer qu\u00e9 les dar\u00eda tranquilidad para que la navegaci\u00f3n que es importante para la econom\u00eda del pa\u00eds se siga desarrollando sin ning\u00fan tipo de contratiempos\u201d indic\u00f3 el mandatario bolivarense.<\/p>\n","protected":false},"excerpt":{"rendered":"<p>Comisi\u00f3n de la Gobernaci\u00f3n de Bol\u00edvar y Fuerza P\u00fablica establecer\u00e1n di\u00e1logo con la comunidad de La Victoria para tomar acciones ante manifestaciones ocasionadas por el paso de remolcadores en la zona. En un Consejo Extraordinario de Seguridad encabezado por el Gobernador Dumek Turbay, y el que participaron el vicealmirante Gabriel P\u00e9rez Garc\u00e9s, comandante de la Fuerza Naval del Caribe; coronel Mauricio B\u00e1ez G\u00f3mez, comandante de Polic\u00eda de Bol\u00edvar; Consuelo Castilla, subdirectora de Navegaci\u00f3n Cormagdalena, y dem\u00e1s miembros de la fuerza p\u00fablica, se determin\u00f3 que una comisi\u00f3n viajar\u00e1 este mi\u00e9rcoles a&#8230; <\/p>\n","protected":false},"author":3,"featured_media":27870,"comment_status":"open","ping_status":"closed","sticky":false,"template":"","format":"standard","meta":{"footnotes":"","_links_to":"","_links_to_target":""},"categories":[75,83,80],"tags":[],"class_list":["post-27869","post","type-post","status-publish","format-standard","has-post-thumbnail","hentry","category-destacada","category-municipios","category-region"],"_links":{"self":[{"href":"https:\/\/revistazetta.com\/index.php?rest_route=\/wp\/v2\/posts\/27869","targetHints":{"allow":["GET"]}}],"collection":[{"href":"https:\/\/revistazetta.com\/index.php?rest_route=\/wp\/v2\/posts"}],"about":[{"href":"https:\/\/revistazetta.com\/index.php?rest_route=\/wp\/v2\/types\/post"}],"author":[{"embeddable":true,"href":"https:\/\/revistazetta.com\/index.php?rest_route=\/wp\/v2\/users\/3"}],"replies":[{"embeddable":true,"href":"https:\/\/revistazetta.com\/index.php?rest_route=%2Fwp%2Fv2%2Fcomments&post=27869"}],"version-history":[{"count":0,"href":"https:\/\/revistazetta.com\/index.php?rest_route=\/wp\/v2\/posts\/27869\/revisions"}],"wp:featuredmedia":[{"embeddable":true,"href":"https:\/\/revistazetta.com\/index.php?rest_route=\/wp\/v2\/media\/27870"}],"wp:attachment":[{"href":"https:\/\/revistazetta.com\/index.php?rest_route=%2Fwp%2Fv2%2Fmedia&parent=27869"}],"wp:term":[{"taxonomy":"category","embeddable":true,"href":"https:\/\/revistazetta.com\/index.php?rest_route=%2Fwp%2Fv2%2Fcategories&post=27869"},{"taxonomy":"post_tag","embeddable":true,"href":"https:\/\/revistazetta.com\/index.php?rest_route=%2Fwp%2Fv2%2Ftags&post=27869"}],"curies":[{"name":"wp","href":"https:\/\/api.w.org\/{rel}","templated":true}]}}