{"id":27873,"date":"2018-10-18T08:01:20","date_gmt":"2018-10-18T13:01:20","guid":{"rendered":"http:\/\/www.revistazetta.com\/?p=27873"},"modified":"2018-10-18T08:01:20","modified_gmt":"2018-10-18T13:01:20","slug":"fructifero-balance-la-jornada-la-superacion-la-pobreza-diep","status":"publish","type":"post","link":"https:\/\/revistazetta.com\/?p=27873","title":{"rendered":"Fruct\u00edfero balance de la Jornada para la Superaci\u00f3n de la Pobreza DIEP"},"content":{"rendered":"<p><img loading=\"lazy\" decoding=\"async\" class=\"alignright size-medium wp-image-27874\" src=\"https:\/\/www.revistazetta.com\/wp-content\/uploads\/2018\/10\/balance-diep1-300x200.jpg\" alt=\"\" width=\"300\" height=\"200\" srcset=\"https:\/\/revistazetta.com\/wp-content\/uploads\/2018\/10\/balance-diep1-300x200.jpg 300w, https:\/\/revistazetta.com\/wp-content\/uploads\/2018\/10\/balance-diep1-1024x682.jpg 1024w, https:\/\/revistazetta.com\/wp-content\/uploads\/2018\/10\/balance-diep1-219x146.jpg 219w, https:\/\/revistazetta.com\/wp-content\/uploads\/2018\/10\/balance-diep1-50x33.jpg 50w, https:\/\/revistazetta.com\/wp-content\/uploads\/2018\/10\/balance-diep1-113x75.jpg 113w, https:\/\/revistazetta.com\/wp-content\/uploads\/2018\/10\/balance-diep1.jpg 1280w\" sizes=\"auto, (max-width: 300px) 100vw, 300px\" \/>M\u00e1s de 15 mil personas fueron atendidas en la oferta institucional del Distrito, en alianza con el sector privado, en la jornada para la superaci\u00f3n de la pobreza DIEP 3018, superando as\u00ed las expectativas del gobierno local, que se hab\u00eda propuesta una meta de 6 mil personas atendidas.<\/p>\n<p>De manera simult\u00e1nea se hizo esta actividad en las tres localidades, y con el prop\u00f3sito de impactar 40 barrios, que son habituados por poblaci\u00f3n vulnerable.<\/p>\n<p>El alcalde encargado Pedrito Pereira, en compa\u00f1\u00eda del director de proyectos especiales de la Vicepresidencia, Ricardo Ariza, hizo recorridos por puntos habilitados con los bienes y servicios ofrecidos por el gobierno distrital y empresas participantes.<\/p>\n<p><img loading=\"lazy\" decoding=\"async\" class=\"alignright size-medium wp-image-27875\" src=\"https:\/\/www.revistazetta.com\/wp-content\/uploads\/2018\/10\/balance-diep2-300x200.jpg\" alt=\"\" width=\"300\" height=\"200\" srcset=\"https:\/\/revistazetta.com\/wp-content\/uploads\/2018\/10\/balance-diep2-300x200.jpg 300w, https:\/\/revistazetta.com\/wp-content\/uploads\/2018\/10\/balance-diep2-1024x682.jpg 1024w, https:\/\/revistazetta.com\/wp-content\/uploads\/2018\/10\/balance-diep2-219x146.jpg 219w, https:\/\/revistazetta.com\/wp-content\/uploads\/2018\/10\/balance-diep2-50x33.jpg 50w, https:\/\/revistazetta.com\/wp-content\/uploads\/2018\/10\/balance-diep2-113x75.jpg 113w, https:\/\/revistazetta.com\/wp-content\/uploads\/2018\/10\/balance-diep2.jpg 1280w\" sizes=\"auto, (max-width: 300px) 100vw, 300px\" \/>Ha sido una jornada intensa, hemos llevado la oferta institucional del Distrito, en salud, educaci\u00f3n, mejoramientos de v\u00edas, entre otros. Estuvimos en Tierrabomba, entregamos libros, hablamos con la comunidad sobre la falta de su mulle y del acueducto\u201d, dijo el alcalde encargado.<\/p>\n<p>La jornada se enmarca en la conmemoraci\u00f3n del D\u00eda Internacional de la Pobreza, seg\u00fan fecha definida por Naciones Unidas, y se realiza a pocos d\u00edas de que el mandatario local cumpla 30 d\u00edas de haber asumido como alcalde encargado de la ciudad.<\/p>\n<p>Paralelo a la atenci\u00f3n a los ciudadanos de parte de las diferentes entidades, el Alcalde hizo importantes anuncios a las comunidades.<\/p>\n<p>En Tierrabomba entreg\u00f3 2 mil libros a la biblioteca de la instituci\u00f3n educativa de la Isla, y dio inicio a un curso de ingl\u00e9s nivel 1 para 30 nativos. Tambi\u00e9n anunci\u00f3 la adecuaci\u00f3n y mantenimiento de La calle de las Torres, que comunica\u00a0 a Nelson Mandela con Villa Hermosa y Policarpa, con una inversi\u00f3n de 380 millones de pesos y comienza desde la Instituci\u00f3n Educativa Jes\u00fas Maestro y termina en Villa Hermosa.<\/p>\n<p><img loading=\"lazy\" decoding=\"async\" class=\"alignright size-medium wp-image-27877\" src=\"https:\/\/www.revistazetta.com\/wp-content\/uploads\/2018\/10\/balance-diep5-300x200.jpg\" alt=\"\" width=\"300\" height=\"200\" srcset=\"https:\/\/revistazetta.com\/wp-content\/uploads\/2018\/10\/balance-diep5-300x200.jpg 300w, https:\/\/revistazetta.com\/wp-content\/uploads\/2018\/10\/balance-diep5-1024x682.jpg 1024w, https:\/\/revistazetta.com\/wp-content\/uploads\/2018\/10\/balance-diep5-219x146.jpg 219w, https:\/\/revistazetta.com\/wp-content\/uploads\/2018\/10\/balance-diep5-50x33.jpg 50w, https:\/\/revistazetta.com\/wp-content\/uploads\/2018\/10\/balance-diep5-113x75.jpg 113w, https:\/\/revistazetta.com\/wp-content\/uploads\/2018\/10\/balance-diep5.jpg 1280w\" sizes=\"auto, (max-width: 300px) 100vw, 300px\" \/>\u00abVamos a mejorar las condiciones de la zona para que estos 45 mil habitantes del barrio puedan tener una v\u00eda y bajemos esos \u00edndices de pobreza\u00bb, manifest\u00f3 el mandatario.<\/p>\n<p>A trav\u00e9s del Programa de Emergencia Social, PES, entreg\u00f3 microcr\u00e9ditos a emprendedores de la ciudad para el fortalecimiento de su negocio.<\/p>\n<p>En desarrollo de la celebraci\u00f3n de la DIEP, Pedrito Pereira coloc\u00f3 la primera piedra de los trabajos de mantenimiento y adecuaci\u00f3n del parque a la entrada de Alameda La Victoria, que tendr\u00e1 una inversi\u00f3n de casi 200 millones de pesos. Esta obra se hace con presupuesto del Fondo de Desarrollo Local de la Localidad 3.<\/p>\n<p>Tambi\u00e9n inspeccion\u00f3 en Fredonia la pavimentaci\u00f3n de la calle 12, entre carrera 80 y el canal Chapundum, que es intervenida por Edurbe y que\u00a0tiene un avance del 50 por ciento, y la calle cuarta de este barrio, cuyo avance est\u00e1 en un 90 por ciento.<\/p>\n<p>En la Instituci\u00f3n Educativa Jorge Argel, el Alcalde presidi\u00f3 un consejo de seguridad, a la que tambi\u00e9n asistieron l\u00edderes comunales de la Localidad de la Virgen y Tur\u00edstica. All\u00ed orden\u00f3 patrullajes por parte de la Infanter\u00eda de Marina en la v\u00eda Perimetral, as\u00ed como un mayor control de la Polic\u00eda en este sector para evitar el hurto y desarrollar m\u00e1s acciones en contra del microtr\u00e1fico.<\/p>\n<p><img loading=\"lazy\" decoding=\"async\" class=\"alignright size-medium wp-image-27878\" src=\"https:\/\/www.revistazetta.com\/wp-content\/uploads\/2018\/10\/balance-diep6-300x200.jpg\" alt=\"\" width=\"300\" height=\"200\" srcset=\"https:\/\/revistazetta.com\/wp-content\/uploads\/2018\/10\/balance-diep6-300x200.jpg 300w, https:\/\/revistazetta.com\/wp-content\/uploads\/2018\/10\/balance-diep6-1024x682.jpg 1024w, https:\/\/revistazetta.com\/wp-content\/uploads\/2018\/10\/balance-diep6-219x146.jpg 219w, https:\/\/revistazetta.com\/wp-content\/uploads\/2018\/10\/balance-diep6-50x33.jpg 50w, https:\/\/revistazetta.com\/wp-content\/uploads\/2018\/10\/balance-diep6-113x75.jpg 113w, https:\/\/revistazetta.com\/wp-content\/uploads\/2018\/10\/balance-diep6.jpg 1280w\" sizes=\"auto, (max-width: 300px) 100vw, 300px\" \/>En el barrio Nelson Mandela, en la Escuela Taller Jes\u00fas Maestro, a trav\u00e9s de Corvivienda, entreg\u00f3 3 mejoramientos integrales de barrios en la calle principal Sor Teresa Calcuta, calle Principal Campo Bello 3 y calle Colegio Jes\u00fas Maestro. Otorg\u00f3 6 mejoramientos de vivienda en sitio propio para familias de los barrios Nelson Mandela, San Jos\u00e9 de los Campanos, Zaragocilla, Policarpa y Pasacaballos.<\/p>\n<p>Por su parte, en la biblioteca Jorge Artel, entreg\u00f3 50 t\u00edtulos de propiedad a residentes en el sector La Uni\u00f3n del barrio El Poz\u00f3n y seis mejoramientos de vivienda en sitio propio y 3 mejoramiento Integral de barrios.<\/p>\n<p>En el Colegio Jos\u00e9 De la Vega entreg\u00f3 3 mejoramientos Integrales de barrio y 6 mejoramientos de vivienda en sitio propio, adem\u00e1s de una vivienda nueva a una familia de la poblaci\u00f3n de pobreza extrema del barrio Flor del Campo.<\/p>\n<p>El director del Plan de Emergencia Social (PES _PR), Javier Posada, precis\u00f3 \u201cque se trabajaron\u00a0 m\u00e1s de 12 horas contin\u00faas por los m\u00e1s pobres de la ciudad, cumpliendo la directriz del Alcalde, sentimos la satisfacci\u00f3n de haber cumplido a los cartageneros. Gracias Cartagena\u201d.<\/p>\n","protected":false},"excerpt":{"rendered":"<p>M\u00e1s de 15 mil personas fueron atendidas en la oferta institucional del Distrito, en alianza con el sector privado, en la jornada para la superaci\u00f3n de la pobreza DIEP 3018, superando as\u00ed las expectativas del gobierno local, que se hab\u00eda propuesta una meta de 6 mil personas atendidas. De manera simult\u00e1nea se hizo esta actividad en las tres localidades, y con el prop\u00f3sito de impactar 40 barrios, que son habituados por poblaci\u00f3n vulnerable. El alcalde encargado Pedrito Pereira, en compa\u00f1\u00eda del director de proyectos especiales de la Vicepresidencia, Ricardo Ariza,&#8230; <\/p>\n","protected":false},"author":3,"featured_media":27876,"comment_status":"open","ping_status":"closed","sticky":false,"template":"","format":"standard","meta":{"footnotes":"","_links_to":"","_links_to_target":""},"categories":[75,86,32],"tags":[],"class_list":["post-27873","post","type-post","status-publish","format-standard","has-post-thumbnail","hentry","category-destacada","category-comunidad","category-actualidad-distrito"],"_links":{"self":[{"href":"https:\/\/revistazetta.com\/index.php?rest_route=\/wp\/v2\/posts\/27873","targetHints":{"allow":["GET"]}}],"collection":[{"href":"https:\/\/revistazetta.com\/index.php?rest_route=\/wp\/v2\/posts"}],"about":[{"href":"https:\/\/revistazetta.com\/index.php?rest_route=\/wp\/v2\/types\/post"}],"author":[{"embeddable":true,"href":"https:\/\/revistazetta.com\/index.php?rest_route=\/wp\/v2\/users\/3"}],"replies":[{"embeddable":true,"href":"https:\/\/revistazetta.com\/index.php?rest_route=%2Fwp%2Fv2%2Fcomments&post=27873"}],"version-history":[{"count":0,"href":"https:\/\/revistazetta.com\/index.php?rest_route=\/wp\/v2\/posts\/27873\/revisions"}],"wp:featuredmedia":[{"embeddable":true,"href":"https:\/\/revistazetta.com\/index.php?rest_route=\/wp\/v2\/media\/27876"}],"wp:attachment":[{"href":"https:\/\/revistazetta.com\/index.php?rest_route=%2Fwp%2Fv2%2Fmedia&parent=27873"}],"wp:term":[{"taxonomy":"category","embeddable":true,"href":"https:\/\/revistazetta.com\/index.php?rest_route=%2Fwp%2Fv2%2Fcategories&post=27873"},{"taxonomy":"post_tag","embeddable":true,"href":"https:\/\/revistazetta.com\/index.php?rest_route=%2Fwp%2Fv2%2Ftags&post=27873"}],"curies":[{"name":"wp","href":"https:\/\/api.w.org\/{rel}","templated":true}]}}