{"id":27879,"date":"2018-10-18T08:05:53","date_gmt":"2018-10-18T13:05:53","guid":{"rendered":"http:\/\/www.revistazetta.com\/?p=27879"},"modified":"2018-10-18T08:05:53","modified_gmt":"2018-10-18T13:05:53","slug":"preludio-las-gaviotas-sera-homenaje-la-danza-negros","status":"publish","type":"post","link":"https:\/\/revistazetta.com\/?p=27879","title":{"rendered":"Preludio de Las Gaviotas ser\u00e1 \u00abHomenaje a la danza son de Negros\u00bb"},"content":{"rendered":"<p>La Alcald\u00eda de Cartagena a trav\u00e9s del Instituto de Patrimonio y Cultura de Cartagena (IPCC) invita a toda la comunidad a participar en el segundo gran preludio \u201cHomenaje a la danza Son de Negros\u201d este viernes 19 de octubre en el estadio de Softbol del barrio Las Gaviotas, a partir de las 7:00 pm.<\/p>\n<p>A las 4:00 pm inicia el desfile que partir\u00e1 desde la Estaci\u00f3n de polic\u00eda del barrio Olaya Herrera \u2013 Av. Pedro Romero, entrar\u00e1 por Megatiendas hacia la Av. Principal del barrio Las Gaviotas hasta llegar al campo de Softbol. El recorrido contar\u00e1 con la participaci\u00f3n de las 35 candidatas al Reinado de Independencia junto con la actual Reina de Independencia y Reina Nacional del Turismo 2018 Roysis Gonzalez; grupos folcl\u00f3ricos, actores festivos y grandes lanceros de Independencia 2018.<\/p>\n<p>Bazurto All Stars, Kike Bustillo, Jeyvi Dance, Byordy, El Encanto, Dj Jawins Mar\u00edn, Son Cartagena y El Cone Alean ser\u00e1n los encargados de prender la fiesta en la localidad dos con sus incre\u00edbles shows en tarima.<\/p>\n<p>\u201cFelicitamos a toda la comunidad de Canapote que disfrut\u00f3 con creces el primer preludio. Un excelente comportamiento vivimos en la localidad 1, por eso invitamos a la comunidad de Las Gaviotas y barrios vecinos a gozar el segundo preludio de Fiestas de Independencia este viernes 19 de octubre\u201d, expres\u00f3 Iv\u00e1n Sanes, director de IPCC.<\/p>\n<p>Este es el segundo preludio que avisa la llegada de nuestras Fiestas de Independencia, recordemos que el primer gran preludio se realiz\u00f3 el pasado viernes 12 de octubre en la plaza del barrio Canapote y cont\u00f3 con la masiva participaci\u00f3n de los habitantes de estos barrios.<\/p>\n","protected":false},"excerpt":{"rendered":"<p>La Alcald\u00eda de Cartagena a trav\u00e9s del Instituto de Patrimonio y Cultura de Cartagena (IPCC) invita a toda la comunidad a participar en el segundo gran preludio \u201cHomenaje a la danza Son de Negros\u201d este viernes 19 de octubre en el estadio de Softbol del barrio Las Gaviotas, a partir de las 7:00 pm. A las 4:00 pm inicia el desfile que partir\u00e1 desde la Estaci\u00f3n de polic\u00eda del barrio Olaya Herrera \u2013 Av. Pedro Romero, entrar\u00e1 por Megatiendas hacia la Av. Principal del barrio Las Gaviotas hasta llegar al&#8230; <\/p>\n","protected":false},"author":3,"featured_media":27880,"comment_status":"open","ping_status":"closed","sticky":false,"template":"","format":"standard","meta":{"footnotes":"","_links_to":"","_links_to_target":""},"categories":[75,41],"tags":[],"class_list":["post-27879","post","type-post","status-publish","format-standard","has-post-thumbnail","hentry","category-destacada","category-cultura"],"_links":{"self":[{"href":"https:\/\/revistazetta.com\/index.php?rest_route=\/wp\/v2\/posts\/27879","targetHints":{"allow":["GET"]}}],"collection":[{"href":"https:\/\/revistazetta.com\/index.php?rest_route=\/wp\/v2\/posts"}],"about":[{"href":"https:\/\/revistazetta.com\/index.php?rest_route=\/wp\/v2\/types\/post"}],"author":[{"embeddable":true,"href":"https:\/\/revistazetta.com\/index.php?rest_route=\/wp\/v2\/users\/3"}],"replies":[{"embeddable":true,"href":"https:\/\/revistazetta.com\/index.php?rest_route=%2Fwp%2Fv2%2Fcomments&post=27879"}],"version-history":[{"count":0,"href":"https:\/\/revistazetta.com\/index.php?rest_route=\/wp\/v2\/posts\/27879\/revisions"}],"wp:featuredmedia":[{"embeddable":true,"href":"https:\/\/revistazetta.com\/index.php?rest_route=\/wp\/v2\/media\/27880"}],"wp:attachment":[{"href":"https:\/\/revistazetta.com\/index.php?rest_route=%2Fwp%2Fv2%2Fmedia&parent=27879"}],"wp:term":[{"taxonomy":"category","embeddable":true,"href":"https:\/\/revistazetta.com\/index.php?rest_route=%2Fwp%2Fv2%2Fcategories&post=27879"},{"taxonomy":"post_tag","embeddable":true,"href":"https:\/\/revistazetta.com\/index.php?rest_route=%2Fwp%2Fv2%2Ftags&post=27879"}],"curies":[{"name":"wp","href":"https:\/\/api.w.org\/{rel}","templated":true}]}}