{"id":27882,"date":"2018-10-18T23:59:57","date_gmt":"2018-10-19T04:59:57","guid":{"rendered":"http:\/\/www.revistazetta.com\/?p=27882"},"modified":"2018-10-19T19:15:16","modified_gmt":"2018-10-20T00:15:16","slug":"listo-calendario-electoral-2019","status":"publish","type":"post","link":"https:\/\/revistazetta.com\/?p=27882","title":{"rendered":"Listo el calendario electoral 2019"},"content":{"rendered":"<p>La Registradur\u00eda Nacional del Estado Civil public\u00f3 el calendario electoral para las elecciones de 2019, que inicia este 28 de octubre con la apertura del periodo de inscripci\u00f3n de ciudadanos para votar por cambio de domicilio o residencia.<\/p>\n<p>El 27 de julio vence el plazo de inscripci\u00f3n de candidatos y listas, el 31 de julio inicia la propaganda electoral en medios de comunicaci\u00f3n, y el domingo 27 de octubre ser\u00e1n las elecciones de Alcaldes, Gobernadores, Concejales y Diputados en todo el pa\u00eds.<\/p>\n<p>En este enlace se puede consultar el calendario oficial:<\/p>\n<p><a href=\"https:\/\/www.registraduria.gov.co\/IMG\/pdf\/RESOLUCION_No-_14778_-_11_OCT_2018_-_CALENDARIO_ELECTORAL_PARA_LAS_ELECCIONES_DE_AUTORIDADES_LOCALES1_002_.pdf\" target=\"_blank\" rel=\"noopener\">https:\/\/www.registraduria.gov.co\/IMG\/pdf\/RESOLUCION_No-_14778_-_11_OCT_2018_-_CALENDARIO_ELECTORAL_PARA_LAS_ELECCIONES_DE_AUTORIDADES_LOCALES1_002_.pdf<\/a><\/p>\n<p>&nbsp;<\/p>\n","protected":false},"excerpt":{"rendered":"<p>La Registradur\u00eda Nacional del Estado Civil public\u00f3 el calendario electoral para las elecciones de 2019, que inicia este 28 de octubre con la apertura del periodo de inscripci\u00f3n de ciudadanos para votar por cambio de domicilio o residencia. El 27 de julio vence el plazo de inscripci\u00f3n de candidatos y listas, el 31 de julio inicia la propaganda electoral en medios de comunicaci\u00f3n, y el domingo 27 de octubre ser\u00e1n las elecciones de Alcaldes, Gobernadores, Concejales y Diputados en todo el pa\u00eds. En este enlace se puede consultar el calendario&#8230; <\/p>\n","protected":false},"author":3,"featured_media":27883,"comment_status":"open","ping_status":"closed","sticky":false,"template":"","format":"standard","meta":{"footnotes":"","_links_to":"","_links_to_target":""},"categories":[4,75,26],"tags":[],"class_list":["post-27882","post","type-post","status-publish","format-standard","has-post-thumbnail","hentry","category-politica","category-destacada","category-politica-noticias"],"_links":{"self":[{"href":"https:\/\/revistazetta.com\/index.php?rest_route=\/wp\/v2\/posts\/27882","targetHints":{"allow":["GET"]}}],"collection":[{"href":"https:\/\/revistazetta.com\/index.php?rest_route=\/wp\/v2\/posts"}],"about":[{"href":"https:\/\/revistazetta.com\/index.php?rest_route=\/wp\/v2\/types\/post"}],"author":[{"embeddable":true,"href":"https:\/\/revistazetta.com\/index.php?rest_route=\/wp\/v2\/users\/3"}],"replies":[{"embeddable":true,"href":"https:\/\/revistazetta.com\/index.php?rest_route=%2Fwp%2Fv2%2Fcomments&post=27882"}],"version-history":[{"count":0,"href":"https:\/\/revistazetta.com\/index.php?rest_route=\/wp\/v2\/posts\/27882\/revisions"}],"wp:featuredmedia":[{"embeddable":true,"href":"https:\/\/revistazetta.com\/index.php?rest_route=\/wp\/v2\/media\/27883"}],"wp:attachment":[{"href":"https:\/\/revistazetta.com\/index.php?rest_route=%2Fwp%2Fv2%2Fmedia&parent=27882"}],"wp:term":[{"taxonomy":"category","embeddable":true,"href":"https:\/\/revistazetta.com\/index.php?rest_route=%2Fwp%2Fv2%2Fcategories&post=27882"},{"taxonomy":"post_tag","embeddable":true,"href":"https:\/\/revistazetta.com\/index.php?rest_route=%2Fwp%2Fv2%2Ftags&post=27882"}],"curies":[{"name":"wp","href":"https:\/\/api.w.org\/{rel}","templated":true}]}}