{"id":27938,"date":"2018-10-22T20:21:01","date_gmt":"2018-10-23T01:21:01","guid":{"rendered":"http:\/\/www.revistazetta.com\/?p=27938"},"modified":"2018-10-22T20:21:01","modified_gmt":"2018-10-23T01:21:01","slug":"ha-pasado-dos-anos-la-ley-pro-bici","status":"publish","type":"post","link":"https:\/\/revistazetta.com\/?p=27938","title":{"rendered":"\u00bfQu\u00e9 ha pasado en dos a\u00f1os de la Ley Pro Bici?"},"content":{"rendered":"<blockquote><p><strong><i>El 21 de octubre de 2016 se firm\u00f3 la ley Pro Bici: ya han pasado dos a\u00f1os desde su sanci\u00f3n. \u00bfQu\u00e9 ha pasado en todo el territorio nacional con su implementaci\u00f3n?<\/i><\/strong><\/p><\/blockquote>\n<p>Este a\u00f1o los ciclistas han sido noticia. Y desafortunadamente no ha sido por buenas nuevas, sino por la inseguridad y accidentalidad en todo el territorio Nacional. en d\u00eda pasado, en inmediaciones del t\u00fanel de Crespo, un m\u00e9dico result\u00f3 herido por un atracador que no alcanz\u00f3 a despojarlo de su bicicleta.<\/p>\n<p>En Bogot\u00e1, por ejemplo, este a\u00f1o, seg\u00fan un estudio de la Universidad Libre, cuatro de cada 100 accidentes viales en Bogot\u00e1 comprometen ciclistas. Adem\u00e1s, y quiz\u00e1 la cifra que m\u00e1s nos aterra, es que cerca del 80% de los ciclistas tienen un desconocimiento de las normas de tr\u00e1nsito.<\/p>\n<p>Sumado a lo anterior, hace dos a\u00f1os el expresidente Juan Manuel Santos sancion\u00f3 la ley Pro Bici, una iniciativa que busca generar mejores condiciones viales para los ciclistas urbanos. Sin embargo, no todos los colombianos que se movilizan en bici la conocen, ni en muchos departamentos y regiones del pa\u00eds se han implementado. Por eso, como autores de la iniciativa, queremos conocer el panorama en el territorio nacional, conocer la situaci\u00f3n actual de los ciclistas, sus principales dificultades y as\u00ed llamar a las entidades p\u00fablicas responsables a control pol\u00edtico.<\/p>\n<p>Para conocer la situaci\u00f3n en cada regi\u00f3n, el senador Garc\u00eda Zuccardi habilit\u00f3 este correo con la idea de\u00a0trabajar juntos por su implementaci\u00f3n y por convertir la bicicleta en uno de los principales medios de transporte en el pa\u00eds:<\/p>\n<p><b>info@andresgarciazuccardi.com<\/b><\/p>\n<p>&nbsp;<\/p>\n","protected":false},"excerpt":{"rendered":"<p>El 21 de octubre de 2016 se firm\u00f3 la ley Pro Bici: ya han pasado dos a\u00f1os desde su sanci\u00f3n. \u00bfQu\u00e9 ha pasado en todo el territorio nacional con su implementaci\u00f3n? Este a\u00f1o los ciclistas han sido noticia. Y desafortunadamente no ha sido por buenas nuevas, sino por la inseguridad y accidentalidad en todo el territorio Nacional. en d\u00eda pasado, en inmediaciones del t\u00fanel de Crespo, un m\u00e9dico result\u00f3 herido por un atracador que no alcanz\u00f3 a despojarlo de su bicicleta. En Bogot\u00e1, por ejemplo, este a\u00f1o, seg\u00fan un estudio&#8230; <\/p>\n","protected":false},"author":3,"featured_media":27939,"comment_status":"open","ping_status":"closed","sticky":false,"template":"","format":"standard","meta":{"footnotes":"","_links_to":"","_links_to_target":""},"categories":[4,29],"tags":[],"class_list":["post-27938","post","type-post","status-publish","format-standard","has-post-thumbnail","hentry","category-politica","category-politica-congreso"],"_links":{"self":[{"href":"https:\/\/revistazetta.com\/index.php?rest_route=\/wp\/v2\/posts\/27938","targetHints":{"allow":["GET"]}}],"collection":[{"href":"https:\/\/revistazetta.com\/index.php?rest_route=\/wp\/v2\/posts"}],"about":[{"href":"https:\/\/revistazetta.com\/index.php?rest_route=\/wp\/v2\/types\/post"}],"author":[{"embeddable":true,"href":"https:\/\/revistazetta.com\/index.php?rest_route=\/wp\/v2\/users\/3"}],"replies":[{"embeddable":true,"href":"https:\/\/revistazetta.com\/index.php?rest_route=%2Fwp%2Fv2%2Fcomments&post=27938"}],"version-history":[{"count":0,"href":"https:\/\/revistazetta.com\/index.php?rest_route=\/wp\/v2\/posts\/27938\/revisions"}],"wp:featuredmedia":[{"embeddable":true,"href":"https:\/\/revistazetta.com\/index.php?rest_route=\/wp\/v2\/media\/27939"}],"wp:attachment":[{"href":"https:\/\/revistazetta.com\/index.php?rest_route=%2Fwp%2Fv2%2Fmedia&parent=27938"}],"wp:term":[{"taxonomy":"category","embeddable":true,"href":"https:\/\/revistazetta.com\/index.php?rest_route=%2Fwp%2Fv2%2Fcategories&post=27938"},{"taxonomy":"post_tag","embeddable":true,"href":"https:\/\/revistazetta.com\/index.php?rest_route=%2Fwp%2Fv2%2Ftags&post=27938"}],"curies":[{"name":"wp","href":"https:\/\/api.w.org\/{rel}","templated":true}]}}